{"id":9403,"date":"2022-04-01T17:23:23","date_gmt":"2022-04-01T17:23:23","guid":{"rendered":"https:\/\/revistaciudad.com.ar\/web\/?p=9403"},"modified":"2022-04-01T17:23:27","modified_gmt":"2022-04-01T17:23:27","slug":"malvinas-40-anos-despues","status":"publish","type":"post","link":"https:\/\/revistaciudad.com.ar\/web\/blog\/2022\/04\/01\/malvinas-40-anos-despues\/","title":{"rendered":"Malvinas&#8230;40 a\u00f1os despu\u00e9s"},"content":{"rendered":"\n<p><strong>El 2 de abril de 1982, la Argentina, sobre los hombros heroicos de nuestros soldados y sus ideales de defensa de la patria, sepult\u00f3 siglos de reclamos de leg\u00edtima soberan\u00eda sobre Malvinas, dando lugar a una gesta sin planificaci\u00f3n ni l\u00f3gica que llev\u00f3 a la muerte a cientos de inocentes con el objetivo de distraer la atenci\u00f3n pol\u00edtica de lo que realmente suced\u00eda en el pa\u00eds con un gobierno de facto, inmoral y corrupto que no sab\u00eda ya c\u00f3mo mantenerse en el poder.<\/strong><\/p>\n\n\n\n<p>Malvinas fue eso y mucho m\u00e1s. Pero nunca podr\u00e1n desconocerse las razones geogr\u00e1ficas e hist\u00f3ricas que legitiman la soberan\u00eda argentina de las islas y el valor de los j\u00f3venes argentinos que imprevistamente se encontraron luchando por lo que cre\u00edan una causa justa.<\/p>\n\n\n\n<h3 class=\"wp-block-heading\">Un poco de historia<\/h3>\n\n\n\n<p>El \u201cBritish Naval Chronicle\u00bb, atribuye el hallazgo de las islas a Magallanes. Algunos autores, sostienen que en realidad fueron descubiertas por Esteban G\u00f3mez, capit\u00e1n de uno de sus barcos. Establecen que la isla Sans\u00f3n, fue llamada por G\u00f3mez, \u201cSan Ant\u00f3n\u201d (nombre de su nave), transform\u00e1ndose en aquel vocablo, por el parecido de los trazos de la \u00abs\u00bb y la \u00abt\u00bb en la caligraf\u00eda de la \u00e9poca. <\/p>\n\n\n\n<p>Aparecen pr\u00f3ximas al continente, como Sans\u00f3n, en el mapa de Diego de Ribero (1526); Juan Sebasti\u00e1n El Cano (1523), Sebasti\u00e1n Cabotto (1547) y en una treintena m\u00e1s de mapas espa\u00f1oles. <\/p>\n\n\n\n<figure class=\"wp-block-image is-resized\"><img fetchpriority=\"high\" decoding=\"async\" src=\"https:\/\/bbl.com.ar\/imagenes\/articulos\/articulos_2617_1_170503_607963.jpg\" alt=\"BBL \/ Islas Malvinas: mapas para el olvido\" width=\"646\" height=\"443\" \/><\/figure>\n\n\n\n<p>Los brit\u00e1nicos afirman que quien las descubri\u00f3 fue John Davis  pero fue en 1592 . Reci\u00e9n  en 1600 un marino holand\u00e9s, Sebald de Weert, visit\u00f3 fehacientemente las islas. Es por ello que los mapas holandeses de la \u00e9poca mostraban el nombre de islas Sebald.<\/p>\n\n\n\n<p>Lo cierto, es que el primer asentamiento en las islas, tiene lugar en 1764, por parte de Louis <br>\nAntoine de Bouganville, a favor de la corona francesa; quien se establece en la isla oriental <br>\nfundando Port Louis. Espa\u00f1a, quien se considera su leg\u00edtima propietaria, reclama formalmente a Francia, el levantamiento de aquella ocupaci\u00f3n. <\/p>\n\n\n\n<p>Al a\u00f1o siguiente, una expedici\u00f3n brit\u00e1nica, toma posesi\u00f3n de las islas vecinas, en nombre de Jorge III, rey de Inglaterra. Su comandante John Byron, las designa con el nombre de Port Egmont. <\/p>\n\n\n\n<p>Casi simult\u00e1neamente a estos acontecimientos, Francia reconoce en el fuero internacional, el derecho espa\u00f1ol a las islas, resolviendo entregarlas a \u00e9stos, que las ocupan definitivamente el 2 de abril de 1767. <\/p>\n\n\n\n<p>En junio de 1770, los espa\u00f1oles desembarcan en Port Egmont y evacuan por la fuerza al contingente brit\u00e1nico, suscitando grandes protestas por parte de este gobierno. Para evitar mayores contrariedades, comienzan las negociaciones entre estos dos pa\u00edses: Espa\u00f1a ofrece la restituci\u00f3n de Port Egmont, como resarcimiento por la medida de fuerza empleada, pero sin dejar de sostener sus leg\u00edtimos derechos sobre el territorio en cuesti\u00f3n.<\/p>\n\n\n\n<p>Gran Breta\u00f1a vuelve a ocupar la zona en 1771, pero se retira en 1774, dejando una placa de plomo y una bandera como s\u00edmbolos de su soberan\u00eda. <\/p>\n\n\n\n<p>En 1777 los espa\u00f1oles destruyen lo que queda de aquella ocupaci\u00f3n, sin que Gran Breta\u00f1a realice protesta alguna. En 1811 las Malvinas fueron evacuadas por los espa\u00f1oles, quedando desiertas hasta 1820, siendo s\u00f3lo visitadas por barcos balleneros de diversas nacionalidades.<\/p>\n\n\n\n<h3 class=\"wp-block-heading\"> Una usurpaci\u00f3n injustificada <\/h3>\n\n\n\n<p>A\u00f1os despu\u00e9s, el gobierno argentino comienza la colonizaci\u00f3n de las islas Malvinas, cuyo dominio hab\u00eda heredado de Espa\u00f1a<\/p>\n\n\n\n<p>En 1820, el comandante David Jewett del corsario argentino \u00abHero\u00edna\u00bb (bajo las \u00f3rdenes del gobernador Sarratea), entra en Puerto Soledad, tomando poder sobre \u00e9l, en nombre del gobierno de Buenos Aires. Ning\u00fan gobierno reclama en a\u00f1os subsiguientes. <\/p>\n\n\n\n<p>En 1823, el gobierno de Bs. As comienza la colonizaci\u00f3n de las islas. Al argentino Jorge Pacheco se le otorga una concesi\u00f3n para explotar el ganado lanar. Este forma una sociedad con Luis Vernet y se encaminan a la reconstrucci\u00f3n de Puerto Soledad. <\/p>\n\n\n\n<p>En 1825, se firma el Tratado de Amistad y Comercio con Gran Breta\u00f1a, sin que \u00e9sta haga salvedad alguna sobre Malvinas. El 10 de junio de 1829, ese crea la \u00abComandancia Pol\u00edtica y Militar de Soledad con jurisdicci\u00f3n en las Malvinas e islas adyacentes al Cabo de Hornos\u00bb, nombrando al mando al alem\u00e1n Luis Vernet. <\/p>\n\n\n\n<p>Poco tiempo despu\u00e9s, comienzan los incidentes. Se detienen tres barcos norteamericanos por pescar indiscriminadamente  y sin autorizaci\u00f3n en aguas argentinas. <\/p>\n\n\n\n<p>EE.UU pa\u00eds realiza infundados reclamos por v\u00eda diplom\u00e1tica, al mismo tiempo que la corbeta norteamericana Lexington se dirige a las islas, sometiendo a las autoridades y destruyendo todo cuanto encontraba a su paso. <\/p>\n\n\n\n<p>Mientras tanto, Gran Breta\u00f1a que hacia 1829 se encontraba en plena colonizaci\u00f3n de Australia y Tasmania, transitando en gran parte por el cabo de Hornos, redescubre su antiguo inter\u00e9s por las islas, que le posibilitar\u00edan un mayor manejo del Atl\u00e1ntico Sur y del estrecho de Magallanes y la conveniencia de poseer una base cerca de estos pasos.<\/p>\n\n\n\n<p>El 12 de enero de 1833, la corbeta Clio, al mando de John Onslow, arriba a Soledad, intimando al gobernador a cargo Jos\u00e9 Mar\u00eda Pinedo a reconocer la soberan\u00eda inglesa. Pinedo que hab\u00eda tenido que contener una rebeli\u00f3n interna y perseguir barcos extranjeros que abusaban de la pesca en la zona, se encuentra sin fuerzas para combatir la invasi\u00f3n. Al d\u00eda siguiente, los ingleses desembarcan, arr\u00edan la bandera argentina, izan su propia insignia y toman posesi\u00f3n de las islas hasta nuestros d\u00edas. <\/p>\n\n\n\n<p>Desde aquellos tiempos, la Argentina ha realizado numerosos reclamos, en forma reiterada a lo largo de los a\u00f1os, con respuestas difusas y dilatorias por parte de Gran Breta\u00f1a, con acercamientos en algunas oportunidades. Estas negociaciones concluyeron abruptamente en 1982.<\/p>\n\n\n\n<h3 class=\"wp-block-heading\"> Una guerra que a\u00fan duele <\/h3>\n\n\n\n<p>A comienzos de los a\u00f1os \u201980 la Argentina se debat\u00eda entre una crisis econ\u00f3mica de enormes dimensiones y la asfixia por la opresi\u00f3n de una libertad que no avizoraba llegar. La crisis en el gobierno de facto ya no pasaba desapercibida y hab\u00edan ido cayendo uno a uno los jefes de la junta, primero Videla, luego Viola, dejando al general Leopoldo Fortunato Galtieri al mando de nuestros destinos.<\/p>\n\n\n\n<figure class=\"wp-block-image is-resized\"><img decoding=\"async\" src=\"https:\/\/resizer.glanacion.com\/resizer\/oxzBl9vzwMDUL3Xztw_huuu3ul0=\/768x0\/filters:format(webp):quality(80)\/cloudfront-us-east-1.images.arcpublishing.com\/lanacionar\/RQTWTQF5CNFSTBIUUVC2D66GTA.jpg\" alt=\"Muri\u00f3 Galtieri, el militar que llev\u00f3 al pa\u00eds a la guerra - LA NACION\" width=\"627\" height=\"418\" \/><figcaption>Leopoldo Galtieri, presidente de la Naci\u00f3n, con la suma de los poderes ejecutivo y legislativo, entre diciembre de 1981 y junio de 1982.<\/figcaption><\/figure>\n\n\n\n<p>Por ansias de sostener un poder, que cada vez se iba m\u00e1s de las manos, por  locura o quiz\u00e1s por creerse amo de los destinos que lo hac\u00edan triunfadores en la impunidad de aquellas \u00e9pocas, apareci\u00f3 esta idea de recuperar las Malvinas, manipulando el inter\u00e9s patri\u00f3tico ante un tema tan sensible a los sentimientos los argentinos y cambiando radicalmente el foco de atenci\u00f3n de los graves problemas que nos aquejaban.<\/p>\n\n\n\n<h3 class=\"wp-block-heading\"> La chispa final  <\/h3>\n\n\n\n<p>En marzo de ese a\u00f1o, personal de la empresa de Constantino Davidoff, desembarca para realizar tareas de desmantelamiento de una planta ballenera, en la Isla de San Pedro de las Georgias del Sur, con las pertinentes acreditaciones y permisos obtenidos en la Embajada Brit\u00e1nica. Los trabajadores espont\u00e1neamente izan la bandera y cantan el himno nacional.<\/p>\n\n\n\n<figure class=\"wp-block-image is-resized\"><img decoding=\"async\" src=\"https:\/\/semanariodejunin.com.ar\/uploads\/noticias\/5\/2021\/04\/20210405091726_1.jpg\" alt=\"La guerra de Malvinas: todo empez\u00f3 en otro lado - Semanario de Jun\u00edn\" width=\"794\" height=\"462\" \/><\/figure>\n\n\n\n<p>Frente a esto, Gran Breta\u00f1a reacciona de manera desproporcionada e il\u00f3gica. El Foregein Office protesta por una \u00abinvasi\u00f3n argentina\u00bb. Se intima a que el personal argentino abandone las islas inmediatamente, bajo amenaza de \u00abtomar las acciones que el gobierno ingl\u00e9s estime conveniente\u00bb. En Malvinas se ataca la sede de LADE (L\u00edneas a\u00e9reas del Estado), pidiendo Gran Breta\u00f1a su retiro de las islas. Ya se ten\u00eda una excusa perfecta\u2026<\/p>\n\n\n\n<h3 class=\"wp-block-heading\"> Operaci\u00f3n Rosario: la recuperaci\u00f3n <\/h3>\n\n\n\n<p> El 28 de marzo zarpa la fuerza de tareas argentina. En la noche del 1 de abril se producen el desembarco de la Agrupaci\u00f3n de Comandos Anfibios y Buzos T\u00e1cticos conducidos por el capit\u00e1n Pedro Giachino. El destacamento se divide en dos grupos, uno de los cuales, al mando de capit\u00e1n S\u00e1nchez Sabarots, se dirige hacia el cuartel de los Royal Marines. Toman r\u00e1pidamente posesi\u00f3n del mismo, puesto que se halla desocupado. El factor sorpresa hab\u00eda desaparecido. <\/p>\n\n\n\n<figure class=\"wp-block-image\"><img decoding=\"async\" src=\"https:\/\/paralelo32.com.ar\/wp-content\/uploads\/2019\/04\/Desembarco-Argentino-en-Malvinas.jpg\" alt=\"Por qu\u00e9 se denomin\u00f3 Operaci\u00f3n Rosario al desembarco en Malvinas |  Paralelo32.com.ar\" \/><\/figure>\n\n\n\n<p>El segundo grupo al mando del mendocino Giachino se traslada a la casa del gobernador. Aqu\u00ed tiene lugar el primer enfrentamiento, con varios heridos, entre ellos el capit\u00e1n Giachino que m\u00e1s tarde pierde la vida en el Hospital de Puerto Stanley. <\/p>\n\n\n\n<p>La Operaci\u00f3n Rosario, es un \u00e9xito en apariencia y las Malvinas vuelven moment\u00e1neamente a manos argentinas, sin ocasionar muertes a los habitantes del lugar. <\/p>\n\n\n\n<h3 class=\"wp-block-heading\"> En pie de guerra  <\/h3>\n\n\n\n<p>Mientras, en nuestro pa\u00eds, la Plaza de Mayo se viste de celeste y blanco y se responde con vitoreos las palabras de un insensato de \u201csi quieren venir que vengan, les presentaremos batalla\u2026\u201d, uno de los ej\u00e9rcitos m\u00e1s poderosos del mundo se dirige en acci\u00f3n punitiva al Atl\u00e1ntico Sur<\/p>\n\n\n\n<p>Internacionalmente, no tenemos sustento. El Consejo de Seguridad de la ONU, con 10 votos a favor, 1 en contra y 4 abstenciones, exige el retiro de las tropas argentinas de las islas y el consiguiente inicio de negociaciones. Solo obtendr\u00edamos el apoyo incondicional del Per\u00fa. <\/p>\n\n\n\n<p>El d\u00eda 3 de abril, fuerzas argentinas toman las Islas Georgias. El d\u00eda 5 parte de Portsmouth la escuadra inglesa. As\u00ed transcurren los d\u00edas entre distintas mediaciones como la del Papa Juan Pablo II, hasta las para nada imparciales del Secretario de Estado estadounidense Alexander Haig, con el presidente de facto Galtieri y con Inglaterra, con resultados desfavorables.<\/p>\n\n\n\n<p>Tal vez en su oculta insania, Galtieri y sus allegados, llegaron a pensar que EE.UU se iba a enfrentar a uno de sus principales socios y a apoyar a un gobierno que los hab\u00eda ayudado con informaci\u00f3n estrat\u00e9gica sobre los esquemas de represi\u00f3n, para las acciones de los norteamericanos en Am\u00e9rica Central\u2026nada m\u00e1s errado y lejano de lo que ocurri\u00f3 en la realidad.<\/p>\n\n\n\n<h3 class=\"wp-block-heading\">La guerra contra nosotros mismos <\/h3>\n\n\n\n<p>El resto es historia conocida, mientras los ingleses combat\u00edan con un ej\u00e9rcito de profesionales, altamente cualificados, con tecnolog\u00eda de \u00faltima generaci\u00f3n y apoyo de la principal potencia mundial, los argentinos luch\u00e1bamos s\u00f3lo con el patriotismo de nuestros soldados, la gran mayor\u00eda conscriptos veintea\u00f1eros; con el valor y la capacidad indiscutible de la Fuerza A\u00e9rea y con el coraje de aquellos que eran militares de coraz\u00f3n, capaces de dar la vida por sus subalternos, lamentablemente, eran los menos\u2026 <\/p>\n\n\n\n<figure class=\"wp-block-image is-resized\"><img loading=\"lazy\" decoding=\"async\" src=\"https:\/\/www.argentina.gob.ar\/sites\/default\/files\/ejercito_malvinas_puerto_argentino.jpg\" alt=\"Operaci\u00f3n Rosario | Argentina.gob.ar\" width=\"737\" height=\"415\" \/><\/figure>\n\n\n\n<p>Durante la guerra los soldados argentinos no s\u00f3lo tuvieron que combatir al enemigo, sino al hambre, el fr\u00edo y la inaudita incompetencia, cobard\u00eda y crueldad de sus propios jefes militares.<br><\/p>\n\n\n\n<p>Muchos sufrieron injustificados malos tratos y crueldades de algunos oficiales y suboficiales como, \u00abestaqueos\u00bb durante horas en la turba mojada, con temperaturas bajo cero o hundimientos en pozos de agua helada\u2026en su gran mayor\u00eda eran castigos por robar comida.<\/p>\n\n\n\n<figure class=\"wp-block-image is-resized\"><img loading=\"lazy\" decoding=\"async\" src=\"https:\/\/www.lavoz.com.ar\/resizer\/0ApFl09UzwAibNUrQpu1wF6tIf4=\/1023x682\/smart\/cloudfront-us-east-1.images.arcpublishing.com\/grupoclarin\/ZCQNHQA7ZNHKLAGBB4DILAMQKE.jpg\" alt=\"Malvinas: 40 a\u00f1os de una herida que no cierra | Pol\u00edtica | La Voz del  Interior\" width=\"744\" height=\"496\" \/><\/figure>\n\n\n\n<h3 class=\"wp-block-heading\"> El informe Rattenbach <\/h3>\n\n\n\n<p>La derrota fue tan dura para la Junta Militar, que se vio obligada a nombrar a una Comisi\u00f3n Investigadora. El general de la Naci\u00f3n, Benjam\u00edn Rattenbach, elabor\u00f3 en 1983 un informe, a pedido de la Comisi\u00f3n de An\u00e1lisis y Evaluaci\u00f3n Pol\u00edtico Militar de las Responsabilidades del Conflicto del Atl\u00e1ntico Sur. Este extenso informe califica la Guerra de Malvinas como una \u00abaventura irresponsable\u00bb, con graves errores t\u00e1cticos y estrat\u00e9gicos. Bignone guard\u00f3 en forma c\u00f3mplice este informe, que fue desclasificado reci\u00e9n en 2012.<\/p>\n\n\n\n<p>Muchos de los responsables murieron cobrando pensiones por la guerra, algunos recibieron condenas y fueron indultados en su momento, volviendo  a ser juzgados nuevamente por los il\u00edcitos que hab\u00edan cometido en esas oscuras \u00e9pocas de nuestra historia.<\/p>\n\n\n\n<p>El pueblo que antes festej\u00f3 exultante en la plaza, exigi\u00f3 inmediatamente la ca\u00edda de este r\u00e9gimen nefasto. La sangre de Malvinas y la vertida por tantos otros, habr\u00edan pasado a la tan ansiada democracia.<\/p>\n\n\n\n<h3 class=\"wp-block-heading\"> Los ex combatientes de Malvinas <\/h3>\n\n\n\n<p>El regreso de las tropas en la noche casi a escondidas, contrastante con el victorioso y triunfal de los ingleses, marc\u00f3 de alg\u00fan modo el destino que iban a vivir los ex combatientes durante muchos a\u00f1os. Pasaron de ser m\u00e1ximos h\u00e9roes, a seres an\u00f3nimos que solo se recordaban con suerte una vez al a\u00f1o<\/p>\n\n\n\n<p>La gran mayor\u00eda sufri\u00f3 el conocido s\u00edndrome de estr\u00e9s post traum\u00e1tico, padeci\u00f3 la reinserci\u00f3n social y laboral y por supuesto nunca volvi\u00f3 a ser como antes. Entre los que volvieron a las distintas provincias argentinas, muchos se quitaron la vida, aunque la cantidad total de suicidios no se conoce. Asociaciones de veteranos estiman que fueron entre 350 y 500. El  Ministerio de Defensa de la Naci\u00f3n y el Estado Mayor Conjunto de las Fuerzas Armadas manifiestan que al respecto no tienen una cifra oficial.<br>\nLas pensiones a los ex-combatientes de Malvinas s\u00f3lo se establecieron en 1990, casi una d\u00e9cada despu\u00e9s de la guerra y gracias a la ley nacional 23.848, que beneficiaba a los ex soldados conscriptos, comenzaron a cobrar 150 pesos mensuales.<\/p>\n\n\n\n<p>En los \u00faltimos a\u00f1os la situaci\u00f3n de los ex combatientes de Malvinas mejor\u00f3 notablemente. Los Centros de de ex combatientes (organizaciones creadas por los propios soldados, unas 30 ONG en todo el pa\u00eds), han logrado acceder a la participaci\u00f3n en la discusi\u00f3n de pol\u00edticas p\u00fablicas con el Estado, con objeto de revertir la situaci\u00f3n, incrementando sus pensiones y brind\u00e1ndoles cobertura sanitaria a ellos y a su grupo familiar, aunque todav\u00eda queda mucho por hacer por los que fueron y ser\u00e1n nuestros verdaderos h\u00e9roes.<\/p>\n\n\n\n<p>En la actualidad, m\u00e1s de 22 mil personas reciben una pensi\u00f3n vitalicia del Estado para ex combatientes de la guerra de Malvinas, equivalente a tres jubilaciones m\u00ednimas. De acuerdo con datos de la ANSES, la mayor\u00eda de sus beneficiarios son habitantes de la Provincia y la Ciudad de Buenos Aires, C\u00f3rdoba, Corrientes y Chaco.<\/p>\n\n\n\n<h3 class=\"wp-block-heading\"> Malvinas, 40 a\u00f1os despu\u00e9s <\/h3>\n\n\n\n<p>Los m\u00e1s beneficiados por el combate, fueron los propios isle\u00f1os. Despu\u00e9s de este suceso dejaron de ser de alguna manera \u201ckelpers\u201d para ser plenos ciudadanos brit\u00e1nicos. En 1985, fue promulgada una nueva constituci\u00f3n, la cual dio mayor nivel de autonom\u00eda a los isle\u00f1os.<\/p>\n\n\n\n<p>Actualmente se encuentran en el TOP 5, de los ciudadanos m\u00e1s ricos del planeta con un ingreso per c\u00e1pita de 65.000 d\u00f3lares anuales, cuatro veces m\u00e1s que los argentinos. La guerra les posibilit\u00f3 un salto cuantitativo en su econom\u00eda, raz\u00f3n por la cual hablar  del tema de la soberan\u00eda es casi un improperio para ellos.<\/p>\n\n\n\n<figure class=\"wp-block-image is-resized\"><img loading=\"lazy\" decoding=\"async\" src=\"https:\/\/www.telam.com.ar\/thumbs\/bluesteel\/advf\/imagenes\/2021\/11\/6189149924fa7_900.jpg\" alt=\"El Gobierno lanza una plataforma virtual sobre Malvinas con foco en el  reclamo soberano\" width=\"836\" height=\"470\" \/><\/figure>\n\n\n\n<p>La explotaci\u00f3n petrolera, la pesca indiscriminada, los proyectos de explotaci\u00f3n minera y el turismo hacen que las Malvinas dejen lentamente de serlo, para consolidarse cada d\u00eda m\u00e1s como las Faklands.<\/p>\n\n\n\n<p>La Argentina, en el marco de lo establecido por Naciones Unidas ha buscado siempre iniciar el dialogo, mientras que  Gran Breta\u00f1a se ha negado sistem\u00e1ticamente a hacerlo, esgrimiendo el derecho a la autodeterminaci\u00f3n de los isle\u00f1os. Pero no se puede hacer unilateralmente una caprichosa interpretaci\u00f3n de la historia y de las normas jur\u00eddicas: este principio que no resultar\u00eda v\u00e1lido porque, seg\u00fan resoluci\u00f3n de la misma ONU, se aplica a pueblos colonizados, NO una poblaci\u00f3n implantada como se trata en este caso, por m\u00e1s que lleguen algunos habitantes a la quinta generaci\u00f3n en Malvinas.<\/p>\n\n\n\n<p>Argentina no reconoce la soberan\u00eda brit\u00e1nica sobre las Malvinas, a las que considera una parte integral e indivisible de su territorio que se halla ocupada ilegalmente por una potencia invasora Desde la reforma de 1994 la Constituci\u00f3n Nacional Argentina ratifica en la primera de sus Disposiciones Transitorias la reclamaci\u00f3n de la soberan\u00eda y la recuperaci\u00f3n de las Malvinas como un objetivo permanente e irrenunciable del Pueblo Argentino.<\/p>\n\n\n\n<p>Desde la guerra de 1982, el Reino Unido y los isle\u00f1os rechazan cualquier negociaci\u00f3n sobre la soberan\u00eda de las islas. Ante esta imposibilidad de di\u00e1logo, la Argentina que nunca dej\u00f3 de reclamar su justa soberan\u00eda sobre las islas, en los \u00faltimos a\u00f1os tom\u00f3 un giro m\u00e1s dr\u00e1stico en su pol\u00edtica exterior.<\/p>\n\n\n\n<p>La explotaci\u00f3n petrolera sin control en el mar del archipi\u00e9lago austral por parte de los brit\u00e1nicos, suscit\u00f3 la respuesta argentina llevando a cabo as\u00ed un bloqueo comercial  con el apoyo de Latinoam\u00e9rica.<\/p>\n\n\n\n<p>Ante dichos reclamos y protestas por parte de Buenos Aires, el gobierno de Londres orden\u00f3 el rearme sobre al Atl\u00e1ntico Sur y las islas Malvinas y con ello la ejecuci\u00f3n de ejercicios militares, con el despliegue de una base militar de enorme poder\u00edo, seg\u00fan los brit\u00e1nicos, por una opci\u00f3n defensiva, pese a que la Argentina se ha manifestado indeclinablemente a solucionar de forma pac\u00edfica el conflicto.<\/p>\n\n\n\n<p>Nadie discute hoy, ni ha discutido nunca, el justo reclamo argentino de soberan\u00eda que la Rep\u00fablica Argentina mantiene sobre las Islas desde 1833. Pero eso nada tiene que ver con el an\u00e1lisis descarnado de lo ocurrido en 1982, tanto en el \u00e1mbito castrense como en nuestra responsabilidad como sociedad. <\/p>\n\n\n\n<p>La guerra de Malvinas no deber\u00eda haber existido en nuestra historia y sin quererlo nos alej\u00f3 cada vez m\u00e1s de las islas. Pero lamentablemente existi\u00f3 y no debemos nunca olvidar\u2026.para aprender de los errores cometidos y fundamentalmente para no borrar de la memoria a quienes combatieron estoicamente con el coraz\u00f3n y el valor a flor de piel, por una causa que cre\u00edan verdaderamente justa. <\/p>\n\n\n\n<figure class=\"wp-block-image is-resized\"><img loading=\"lazy\" decoding=\"async\" src=\"https:\/\/www.lavoz.com.ar\/resizer\/3MeZQOpHXtunnaj3aSyxLu-6nXs=\/1023x682\/smart\/cloudfront-us-east-1.images.arcpublishing.com\/grupoclarin\/74DLHYTLQFEVXKCBNFZKJFAY4Y.jpg\" alt=\"C\u00f3mo podemos recuperar Malvinas? | Noticias | La Voz del Interior\" width=\"810\" height=\"540\" \/><\/figure>\n\n\n\n<h3 class=\"wp-block-heading\">Honor y respeto a los combatientes de Malvinas y a sus ca\u00eddos; por siempre y para siempre las Malvinas fueron, son y ser\u00e1n argentinas.<\/h3>\n","protected":false},"excerpt":{"rendered":"<p>El 2 de abril de 1982, la Argentina, sobre los hombros heroicos de nuestros soldados y sus ideales de defensa de la patria, sepult\u00f3 siglos de reclamos de leg\u00edtima soberan\u00eda sobre Malvinas, dando lugar a una gesta sin planificaci\u00f3n ni l\u00f3gica que llev\u00f3 a la muerte a cientos de inocentes con el objetivo de distraer &hellip;<\/p>\n<p class=\"read-more\"> <a class=\"\" href=\"https:\/\/revistaciudad.com.ar\/web\/blog\/2022\/04\/01\/malvinas-40-anos-despues\/\"> <span class=\"screen-reader-text\">Malvinas&#8230;40 a\u00f1os despu\u00e9s<\/span> Leer m\u00e1s \u00bb<\/a><\/p>\n","protected":false},"author":3,"featured_media":9407,"comment_status":"open","ping_status":"open","sticky":false,"template":"","format":"standard","meta":{"_monsterinsights_skip_tracking":false,"_monsterinsights_sitenote_active":false,"_monsterinsights_sitenote_note":"","_monsterinsights_sitenote_category":0,"footnotes":""},"categories":[52,1],"tags":[],"class_list":["post-9403","post","type-post","status-publish","format-standard","has-post-thumbnail","hentry","category-efemerides","category-uncategorized"],"_links":{"self":[{"href":"https:\/\/revistaciudad.com.ar\/web\/wp-json\/wp\/v2\/posts\/9403","targetHints":{"allow":["GET"]}}],"collection":[{"href":"https:\/\/revistaciudad.com.ar\/web\/wp-json\/wp\/v2\/posts"}],"about":[{"href":"https:\/\/revistaciudad.com.ar\/web\/wp-json\/wp\/v2\/types\/post"}],"author":[{"embeddable":true,"href":"https:\/\/revistaciudad.com.ar\/web\/wp-json\/wp\/v2\/users\/3"}],"replies":[{"embeddable":true,"href":"https:\/\/revistaciudad.com.ar\/web\/wp-json\/wp\/v2\/comments?post=9403"}],"version-history":[{"count":0,"href":"https:\/\/revistaciudad.com.ar\/web\/wp-json\/wp\/v2\/posts\/9403\/revisions"}],"wp:featuredmedia":[{"embeddable":true,"href":"https:\/\/revistaciudad.com.ar\/web\/wp-json\/wp\/v2\/media\/9407"}],"wp:attachment":[{"href":"https:\/\/revistaciudad.com.ar\/web\/wp-json\/wp\/v2\/media?parent=9403"}],"wp:term":[{"taxonomy":"category","embeddable":true,"href":"https:\/\/revistaciudad.com.ar\/web\/wp-json\/wp\/v2\/categories?post=9403"},{"taxonomy":"post_tag","embeddable":true,"href":"https:\/\/revistaciudad.com.ar\/web\/wp-json\/wp\/v2\/tags?post=9403"}],"curies":[{"name":"wp","href":"https:\/\/api.w.org\/{rel}","templated":true}]}}