{"id":8792,"date":"2021-11-29T23:24:25","date_gmt":"2021-11-29T23:24:25","guid":{"rendered":"https:\/\/revistaciudad.com.ar\/web\/?p=8792"},"modified":"2021-11-29T23:24:27","modified_gmt":"2021-11-29T23:24:27","slug":"estas-son-las-obras-mas-votadas-por-los-vecinos-para-el-presupuesto-participativo-2022","status":"publish","type":"post","link":"https:\/\/revistaciudad.com.ar\/web\/blog\/2021\/11\/29\/estas-son-las-obras-mas-votadas-por-los-vecinos-para-el-presupuesto-participativo-2022\/","title":{"rendered":"Estas son las obras m\u00e1s votadas por los vecinos para el Presupuesto Participativo 2022"},"content":{"rendered":"\n<p> <strong><em>Se trata de 8 propuestas que fueron elegidas dentro del marco del programa +Ciudad<\/em><\/strong> <\/p>\n\n\n\n<p><strong>Los vecinos de Godoy Cruz volvieron a votar qu\u00e9 obras quieren que se realicen con el Presupuesto Participativo (2022).<\/strong><\/p>\n\n\n\n<p>Se trata de los playones de la Plaza Sargento Cabral y del barrio 3 Estrellas, la mejora del ingreso de la escuela Cobo, huertas comunitarias, la refuncionalizaci\u00f3n de la cancha del Bulevar San Vicente, un puesto En la Bici en el Microestadio de Liga 8, una microplaza de juegos del barrio Laprida y una intervenci\u00f3n art\u00edstica en macetas de calle Paso de los Andes.<\/p>\n\n\n\n<p>Despu\u00e9s de las etapas de formulaci\u00f3n de propuestas y de votaci\u00f3n, una nueva edici\u00f3n del programa +Ciudad lleg\u00f3 a su resoluci\u00f3n.<\/p>\n\n\n\n<p>De igual forma, esta herramienta permite que los ciudadanos identifiquen y definan qu\u00e9 acciones debe realizar la Municipalidad.<\/p>\n\n\n\n<p>Espec\u00edficamente en temas relacionados a la sustentabilidad y convivencia, entre otros.<\/p>\n\n\n\n<p>Mientras tanto, fueron en total 33 las sugerencias en este 2021, de las cuales resultaron m\u00e1s votadas y aprobadas las ocho mencionadas, con un total de 2597 votos.<\/p>\n\n\n\n<p>El proceso de votaci\u00f3n final se desarroll\u00f3 tras un estudio de viabilidad que realiz\u00f3 el equipo t\u00e9cnico de la comuna.<\/p>\n\n\n\n<p>Por otro lado, la metodolog\u00eda, tanto para la realizaci\u00f3n de propuestas como para la votaci\u00f3n, fue de manera virtual&nbsp;(<a href=\"https:\/\/participa.godoycruz.gob.ar\/\" target=\"_blank\" rel=\"noreferrer noopener\"><strong>participa.godoycruz.gob.ar<\/strong><\/a>)&nbsp;y presencial.<\/p>\n\n\n\n<p>Durante el 2020, en tanto, el programa +Ciudad tuvo una pausa a causa de la pandemia.<\/p>\n\n\n\n<p>Por \u00faltimo, los resultados de la votaci\u00f3n se elevar\u00e1n para la consideraci\u00f3n del Concejo Deliberante.<\/p>\n\n\n\n<figure class=\"wp-block-image\"><img decoding=\"async\" src=\"https:\/\/www.godoycruz.gob.ar\/wp-content\/uploads\/2017\/08\/Programa-en-la-bici-godoy-cruz.jpg\" alt=\"\" \/><\/figure>\n\n\n\n<p><em>Tambi\u00e9n habr\u00e1 un puesto del programa En la Bici en el Microestadio de Liga 8<\/em><\/p>\n\n\n\n<h3 class=\"wp-block-heading\">Las 8 propuestas m\u00e1s votadas<\/h3>\n\n\n\n<p><strong>\u2013&nbsp;<\/strong><strong>Play\u00f3n deportivo plaza S<\/strong><strong>argento<\/strong><strong>&nbsp;Cabral<\/strong><strong>:<\/strong><\/p>\n\n\n\n<p>Construcci\u00f3n de play\u00f3n a cielo abierto para realizar deportes, actividades recreativas y culturales.<\/p>\n\n\n\n<p><strong>\u2013&nbsp;<\/strong><strong>Mejora ingreso escuela<\/strong><strong>&nbsp;Juan Francisco<\/strong><strong>&nbsp;Cobo<\/strong><strong>:<\/strong><\/p>\n\n\n\n<p>Refacci\u00f3n de veredas, rampas y accesos a la escuela Cobo ubicada en Gorriti y Cayetano Silva.<\/p>\n\n\n\n<p><strong>\u2013&nbsp;<\/strong><strong>Play<\/strong><strong>\u00f3<\/strong><strong>n deportivo B<\/strong><strong>arrio Tres E<\/strong><strong>strellas<\/strong><strong>:<\/strong><\/p>\n\n\n\n<p>Construcci\u00f3n de un play\u00f3n deportivo en el predio ubicado al oeste del Acceso Sur y lateral Juan Manuel Fangio, se encuentra en la finalizaci\u00f3n de calle La Carrodilla. Cancha iluminaci\u00f3n, ba\u00f1os y cierre perimetral.<\/p>\n\n\n\n<p><strong>\u2013&nbsp;<\/strong><strong>Huertas comunitarias<\/strong><strong>:<\/strong><\/p>\n\n\n\n<p>En uniones vecinales, clubes barriales, comedores comunitarios, y otros espacios afines con compromiso social.<\/p>\n\n\n\n<p><strong>\u2013 R<\/strong><strong>efuncionalizaci\u00f3n cancha&nbsp;<\/strong><strong>B<\/strong><strong>ulevar&nbsp;<\/strong><strong>S<\/strong><strong>an&nbsp;<\/strong><strong>V<\/strong><strong>icente<\/strong><strong>:<\/strong><\/p>\n\n\n\n<p>Arreglos y mejoras en el play\u00f3n con el objeto de que sea funcional y de uso de toda la comunidad.<\/p>\n\n\n\n<p><strong>\u2013&nbsp;<\/strong><strong>Puesto&nbsp;<\/strong><strong>E<\/strong><strong>n la&nbsp;<\/strong><strong>B<\/strong><strong>ici<\/strong><strong>&nbsp;del<\/strong><strong>&nbsp;Microestadio&nbsp;<\/strong><strong>L<\/strong><strong>iga 8<\/strong><strong>:<\/strong><\/p>\n\n\n\n<p>Puesto de bicicletas p\u00fablicas en el predio ubicado en las tipas y Monte de Oca para extender la red del programa<\/p>\n\n\n\n<p><strong>\u2013&nbsp;<\/strong><strong>Microplaza de juegos para el&nbsp;<\/strong><strong>B<\/strong><strong>arrio Laprida<\/strong><strong>:<\/strong><\/p>\n\n\n\n<p>Nuevos espacios de juego y asiento, canteros y rotondas para mejorar explanadas y pasajes p\u00fablicos.<\/p>\n\n\n\n<p><strong>\u2013&nbsp;<\/strong><strong>Pintado de macetas<\/strong><strong>:<\/strong><\/p>\n\n\n\n<p>Intervenci\u00f3n art\u00edstica de macetas y macetones ubicados en calle Paso de los Andes para su puesta en valor y embellecimiento.<\/p>\n\n\n\n<figure class=\"wp-block-image\"><img decoding=\"async\" src=\"https:\/\/www.godoycruz.gob.ar\/wp-content\/uploads\/2020\/04\/huerta-en-refugio-de-mujeres.jpg\" alt=\"\" \/><\/figure>\n\n\n\n<p><em>Asimismo, se promover\u00e1 la realizaci\u00f3n de huertas comunitarias<\/em><\/p>\n","protected":false},"excerpt":{"rendered":"<p>Se trata de 8 propuestas que fueron elegidas dentro del marco del programa +Ciudad Los vecinos de Godoy Cruz volvieron a votar qu\u00e9 obras quieren que se realicen con el Presupuesto Participativo (2022). Se trata de los playones de la Plaza Sargento Cabral y del barrio 3 Estrellas, la mejora del ingreso de la escuela &hellip;<\/p>\n<p class=\"read-more\"> <a class=\"\" href=\"https:\/\/revistaciudad.com.ar\/web\/blog\/2021\/11\/29\/estas-son-las-obras-mas-votadas-por-los-vecinos-para-el-presupuesto-participativo-2022\/\"> <span class=\"screen-reader-text\">Estas son las obras m\u00e1s votadas por los vecinos para el Presupuesto Participativo 2022<\/span> Leer m\u00e1s \u00bb<\/a><\/p>\n","protected":false},"author":3,"featured_media":8793,"comment_status":"open","ping_status":"open","sticky":false,"template":"","format":"standard","meta":{"_monsterinsights_skip_tracking":false,"_monsterinsights_sitenote_active":false,"_monsterinsights_sitenote_note":"","_monsterinsights_sitenote_category":0,"footnotes":""},"categories":[34],"tags":[],"class_list":["post-8792","post","type-post","status-publish","format-standard","has-post-thumbnail","hentry","category-municipio"],"_links":{"self":[{"href":"https:\/\/revistaciudad.com.ar\/web\/wp-json\/wp\/v2\/posts\/8792","targetHints":{"allow":["GET"]}}],"collection":[{"href":"https:\/\/revistaciudad.com.ar\/web\/wp-json\/wp\/v2\/posts"}],"about":[{"href":"https:\/\/revistaciudad.com.ar\/web\/wp-json\/wp\/v2\/types\/post"}],"author":[{"embeddable":true,"href":"https:\/\/revistaciudad.com.ar\/web\/wp-json\/wp\/v2\/users\/3"}],"replies":[{"embeddable":true,"href":"https:\/\/revistaciudad.com.ar\/web\/wp-json\/wp\/v2\/comments?post=8792"}],"version-history":[{"count":0,"href":"https:\/\/revistaciudad.com.ar\/web\/wp-json\/wp\/v2\/posts\/8792\/revisions"}],"wp:featuredmedia":[{"embeddable":true,"href":"https:\/\/revistaciudad.com.ar\/web\/wp-json\/wp\/v2\/media\/8793"}],"wp:attachment":[{"href":"https:\/\/revistaciudad.com.ar\/web\/wp-json\/wp\/v2\/media?parent=8792"}],"wp:term":[{"taxonomy":"category","embeddable":true,"href":"https:\/\/revistaciudad.com.ar\/web\/wp-json\/wp\/v2\/categories?post=8792"},{"taxonomy":"post_tag","embeddable":true,"href":"https:\/\/revistaciudad.com.ar\/web\/wp-json\/wp\/v2\/tags?post=8792"}],"curies":[{"name":"wp","href":"https:\/\/api.w.org\/{rel}","templated":true}]}}