{"id":8789,"date":"2021-11-29T23:21:10","date_gmt":"2021-11-29T23:21:10","guid":{"rendered":"https:\/\/revistaciudad.com.ar\/web\/?p=8789"},"modified":"2021-11-29T23:21:13","modified_gmt":"2021-11-29T23:21:13","slug":"el-sistema-de-alerta-comunitaria-frustro-un-intento-de-robo","status":"publish","type":"post","link":"https:\/\/revistaciudad.com.ar\/web\/blog\/2021\/11\/29\/el-sistema-de-alerta-comunitaria-frustro-un-intento-de-robo\/","title":{"rendered":"El Sistema de Alerta Comunitaria frustr\u00f3 un intento de robo"},"content":{"rendered":"\n<p><strong>Este sistema naci\u00f3 en 2016 como parte de un Laboratorio de Ideas y creci\u00f3 hasta llegar a m\u00e1s de 7 mil usuarios y a otros departamentos de Mendoza y del pa\u00eds.<\/strong><\/p>\n\n\n\n<figure class=\"wp-block-image\"><img decoding=\"async\" src=\"https:\/\/www.godoycruz.gob.ar\/wp-content\/uploads\/2021\/11\/WhatsApp-Image-2021-11-26-at-12.33.48_cleanup.jpeg\" alt=\"\" \/><\/figure>\n\n\n\n<p>Un intento de robo se frustr\u00f3 gracias al uso del&nbsp;<strong>Sistema de Alerta Comunitaria.<\/strong><\/p>\n\n\n\n<p>Vecinos de la calle Tiburcio Benegas de Godoy Cruz advirtieron la presencia de dos j\u00f3venes que intentaban forzar las puertas para ingresar a un domicilio. Al no poder realizar lo que se propon\u00edan intentaron robar el cableado de la zona.<\/p>\n\n\n\n<p>Esta situaci\u00f3n fue observada por vecinos de la zona y se dio aviso al 911 a trav\u00e9s de la app de Alerta Comunitaria. Finalmente efectivos policiales lograron detener a una de las personas a pocas cuadras del lugar del hecho.<\/p>\n\n\n\n<p>Asimismo, una situaci\u00f3n similar ocurri\u00f3 en la calle Carlos Gardel y Asia, pero en este caso fue un intento de robo en el que rompieron los vidrios de un autom\u00f3vil. Los due\u00f1os del rodado al escuchar el ruido de una piedra sobre su veh\u00edculo, activaron la alerta y los malvivientes se fueron del lugar.<\/p>\n\n\n\n<h3 class=\"wp-block-heading\">Todo sobre el&nbsp;<a href=\"https:\/\/www.godoycruz.gob.ar\/participacion-ciudadana\/sistema-alerta-comunitaria\/\" target=\"_blank\" rel=\"noreferrer noopener\">Sistema de Alerta Comunitaria<\/a><\/h3>\n\n\n\n<p><strong>El Sistema,&nbsp;<\/strong>desde su implementaci\u00f3n en junio de 2017, ha sido replicado en las ciudades de Mendoza, General Alvear, Guaymall\u00e9n, Las Heras, Rivadavia, San Mart\u00edn, Jun\u00edn y en Recreo, de Santa Fe.<\/p>\n\n\n\n<p>Por otro lado, la aplicaci\u00f3n, que se puede encontrar como&nbsp;<strong>SAC Argentina en Play Store y Apple Store<\/strong>, fue desarrolla por CEGA y R-Link, empresas del&nbsp;<strong>Polo TIC<\/strong>&nbsp;Mendoza, ubicado en Godoy Cruz.<\/p>\n\n\n\n<p>Con&nbsp;<strong>240 centrales y una red de vinculaci\u00f3n con la Polic\u00eda,&nbsp;<\/strong>el Sistema<strong>&nbsp;persigue un fin solidario<\/strong>, por lo que su precio es m\u00ednimo, se puede pagar en cuotas, sin intereses, y a trav\u00e9s de las tasas municipales.<\/p>\n\n\n\n<p>\u201cEstimula la solidaridad, ya que ante una emergencia activar\u00e1 una sirena y enviar\u00e1 mensajes de alerta a los celulares de los vecinos. Adem\u00e1s,&nbsp;<strong>el municipio dispone de operadores las 24 horas que tienen un trabajo coordinado con la Polic\u00eda de Mendoza<\/strong>\u201d, cont\u00f3 Mart\u00edn Appiolaza, director de Prevenci\u00f3n, Participaci\u00f3n Comunitaria y Derechos Humanos.<\/p>\n\n\n\n<blockquote class=\"wp-block-quote is-layout-flow wp-block-quote-is-layout-flow\"><p>Quienes ya sean usuarios o est\u00e9n interesados en integrarse al sistema de prevenci\u00f3n, pueden resolver dudas o hacer consultas sobre el funcionamiento de la aplicaci\u00f3n escribiendo un mensaje de WhatsApp al chat \u201cMuni\u201d (2613 87-3102) y elegir la opci\u00f3n Sistema de Alerta Comunitaria.<\/p><\/blockquote>\n","protected":false},"excerpt":{"rendered":"<p>Este sistema naci\u00f3 en 2016 como parte de un Laboratorio de Ideas y creci\u00f3 hasta llegar a m\u00e1s de 7 mil usuarios y a otros departamentos de Mendoza y del pa\u00eds. Un intento de robo se frustr\u00f3 gracias al uso del&nbsp;Sistema de Alerta Comunitaria. Vecinos de la calle Tiburcio Benegas de Godoy Cruz advirtieron la &hellip;<\/p>\n<p class=\"read-more\"> <a class=\"\" href=\"https:\/\/revistaciudad.com.ar\/web\/blog\/2021\/11\/29\/el-sistema-de-alerta-comunitaria-frustro-un-intento-de-robo\/\"> <span class=\"screen-reader-text\">El Sistema de Alerta Comunitaria frustr\u00f3 un intento de robo<\/span> Leer m\u00e1s \u00bb<\/a><\/p>\n","protected":false},"author":3,"featured_media":8790,"comment_status":"open","ping_status":"open","sticky":false,"template":"","format":"standard","meta":{"_monsterinsights_skip_tracking":false,"_monsterinsights_sitenote_active":false,"_monsterinsights_sitenote_note":"","_monsterinsights_sitenote_category":0,"footnotes":""},"categories":[34],"tags":[],"class_list":["post-8789","post","type-post","status-publish","format-standard","has-post-thumbnail","hentry","category-municipio"],"_links":{"self":[{"href":"https:\/\/revistaciudad.com.ar\/web\/wp-json\/wp\/v2\/posts\/8789","targetHints":{"allow":["GET"]}}],"collection":[{"href":"https:\/\/revistaciudad.com.ar\/web\/wp-json\/wp\/v2\/posts"}],"about":[{"href":"https:\/\/revistaciudad.com.ar\/web\/wp-json\/wp\/v2\/types\/post"}],"author":[{"embeddable":true,"href":"https:\/\/revistaciudad.com.ar\/web\/wp-json\/wp\/v2\/users\/3"}],"replies":[{"embeddable":true,"href":"https:\/\/revistaciudad.com.ar\/web\/wp-json\/wp\/v2\/comments?post=8789"}],"version-history":[{"count":0,"href":"https:\/\/revistaciudad.com.ar\/web\/wp-json\/wp\/v2\/posts\/8789\/revisions"}],"wp:featuredmedia":[{"embeddable":true,"href":"https:\/\/revistaciudad.com.ar\/web\/wp-json\/wp\/v2\/media\/8790"}],"wp:attachment":[{"href":"https:\/\/revistaciudad.com.ar\/web\/wp-json\/wp\/v2\/media?parent=8789"}],"wp:term":[{"taxonomy":"category","embeddable":true,"href":"https:\/\/revistaciudad.com.ar\/web\/wp-json\/wp\/v2\/categories?post=8789"},{"taxonomy":"post_tag","embeddable":true,"href":"https:\/\/revistaciudad.com.ar\/web\/wp-json\/wp\/v2\/tags?post=8789"}],"curies":[{"name":"wp","href":"https:\/\/api.w.org\/{rel}","templated":true}]}}