{"id":8786,"date":"2021-11-29T23:18:16","date_gmt":"2021-11-29T23:18:16","guid":{"rendered":"https:\/\/revistaciudad.com.ar\/web\/?p=8786"},"modified":"2021-11-29T23:18:18","modified_gmt":"2021-11-29T23:18:18","slug":"se-entregaron-los-certificados-de-educracia-voto-joven","status":"publish","type":"post","link":"https:\/\/revistaciudad.com.ar\/web\/blog\/2021\/11\/29\/se-entregaron-los-certificados-de-educracia-voto-joven\/","title":{"rendered":"Se entregaron los certificados de \u201cEducracia-Voto Joven\u201d"},"content":{"rendered":"\n<p> <strong><em>El recinto del Concejo Deliberante fue el escenario del cierre de este programa.<\/em><\/strong> <\/p>\n\n\n\n<p>Se realiz\u00f3 el acto de entrega de certificados de la segunda edici\u00f3n de \u201c<strong>Educracia \u2013Voto Joven<\/strong>\u201d.<\/p>\n\n\n\n<p>El acto se desarroll\u00f3 en el recinto del&nbsp;<strong>Concejo Deliberante de Godoy Cruz<\/strong>.<\/p>\n\n\n\n<p>El objetivo que tiene&nbsp;<strong>\u201cEducracia\u201d<\/strong>&nbsp;es acompa\u00f1ar y brindar informaci\u00f3n a las y los j\u00f3venes que van a votar por primera vez.<\/p>\n\n\n\n<p>Fue de gran utilidad&nbsp; para las elecciones PASO de septiembre y las generales de noviembre.<\/p>\n\n\n\n<p>Este proyecto cont\u00f3 con el trabajo del equipo de innovaci\u00f3n legislativa del&nbsp;<strong>HCD.<\/strong><\/p>\n\n\n\n<p>Adem\u00e1s participaron el equipo de&nbsp;<strong>Godoy Cruz Joven<\/strong>y&nbsp;<strong>Pol\u00edticas Estudiantiles de Gobierno Mendoza<\/strong><strong>.<\/strong><\/p>\n\n\n\n<p>Esta propuesta fue recibida por diversas escuelas y colegios de Godoy Cruz.<\/p>\n\n\n\n<p>\u201cEducracia\u201d realiza un abordaje integral orientado a fortalecer v\u00ednculos entre la ciudadan\u00eda, municipio e instituciones educativas.<\/p>\n\n\n\n<figure class=\"wp-block-image\"><img decoding=\"async\" src=\"https:\/\/www.godoycruz.gob.ar\/wp-content\/uploads\/2021\/11\/Educracia-diplomas-1.jpeg\" alt=\"\" \/><\/figure>\n\n\n\n<p>Uno de los objetivos de este proyecto es poder aportar informaci\u00f3n en materia de derechos.<\/p>\n\n\n\n<p>\u201cEstamos empoderando a los j\u00f3venes adolescentes de los secundarios para que puedan ejercer su ciudadan\u00eda plena en democracia\u201d, sostuvo<strong>&nbsp;Fabricio Cuaranta, presidente del HCD.<\/strong><\/p>\n\n\n\n<p>Adem\u00e1s de Cuaranta, estuvieron presentes&nbsp;<strong>Florencia Santoni<\/strong>, Secretaria de Desarrollo Humano de Godoy Cruz y&nbsp;<strong>Mat\u00edas Ubiria<\/strong>, jefe de producci\u00f3n y formaci\u00f3n laboral de Godoy Cruz.<\/p>\n\n\n\n<p>\u201cEstamos contentos porque alcanzamos los objetivos y las metas que nos hemos propuesto como equipo de las diferentes \u00e1reas\u201d, sostuvo Federica Lanatti.<\/p>\n\n\n\n<p>\u201cNotamos una gran participaci\u00f3n y compromiso de los estudiantes tanto con el programa como con el municipio\u201d, agreg\u00f3 una de las responsables de Educracia.<\/p>\n\n\n\n<p>El compromiso de este programa es seguir yendo a escuelas y colegios durante el a\u00f1o que viene.<\/p>\n\n\n\n<p>\u201cPara nosotros es muy importante seguir trabajando el Gobierno Abierto, brindando herramientas para el desarrollo de su ciudadan\u00eda activa\u201d, concluy\u00f3 Lanatti.<\/p>\n\n\n\n<h3 class=\"wp-block-heading\">Las escuelas y colegios participantes<\/h3>\n\n\n\n<ul class=\"wp-block-list\"><li>CENS 3-464<\/li><li>CENS 3-405 ROBERTO ARLT<\/li><li>CENS 3-410 PROF. RAFAEL MONTEMAYOR<\/li><li>CENS 3-454 ATAHUALPA YUPANQUI<\/li><li>CENS 3-474 SIN NOMBRE<\/li><li>CENS 3-475 DR. ESTEBAN LAUREANO MARADONA<\/li><li>CEBJA 3033- MIGUEL LILLO<\/li><li>CEBJA 3042-CLAUDIA LILIANA GRAMAGLIA<\/li><li>CEBJA 3049-Prof. \u00bb Jaime E. Costarelli\u00bb<\/li><li>CEBJA 3087-CARLOS ALBERTO POCHO SOSA<\/li><li>CEBJA 3094-OASIS MENDOCINO<\/li><li>CEBJA 3110- PROF. GRACIELA E. RAPACIOLI DE PIZARRO<\/li><li>CEBJA 3114-SIN NOMBRE<\/li><li>CEBJA 3211-FILIBERTO SIMIONATO<\/li><li>CEBJA 3217-Prof. Ricardo Soloa<\/li><li>CEBJA 3238-CRUCE DE LOS ANDES<\/li><li>CEBJA 3086- MILLCAYAC<\/li><li>SECUNDARIO 4010-MAR\u00cdA ELENA CHAMPEAU<\/li><li>SECUNDARIO 4030-PROFESOR \u00c1NGEL CERVERA<\/li><li>SECUNDARIO 4036- RA\u00daL SCALABRINI ORTIZ<\/li><li>SECUNDARIO 4052-JUAN DRAGHI LUCERO<\/li><li>SECUNDARIO 4068-PROF. ATILIO ANASTASI<\/li><li>SECUNDARIO 4072-FEDERICO GARC\u00cdA LORCA<\/li><li>SECUNDARIO 4109-ING. \u00c1LVAREZ CONDARCO<\/li><li>SECUNDARIO 4131-MAHATMA GANDHI<\/li><li>SECUNDARIO 4139-ERNESTO SABATO<\/li><li>SECUNDARIO 4148-MANUEL BELGRANO<\/li><li>SECUNDARIO 4150-DR. MARIO P\u00c9REZ ELIZALDE<\/li><li>SECUNDARIO 4162-MAESTRO ALFREDO BRAVO<\/li><li>SECUNDARIO 4178-VICTORIA OCAMPO<\/li><li>SECUNDARIO S018- COMPA\u00d1\u00cdA DE MAR\u00cdA<\/li><li>SECUNDARIO S082 -PADRE JOS\u00c9 MULLNER<\/li><li>SECUNDARIO S084- PADRE VALENT\u00cdN BONETTI<\/li><li>SECUNDARIO S097- I.S.E.P.<\/li><li>SECUNDARIO S124- RAINBOW<\/li><li>SECUNDARIO S119-ECOVIDA<\/li><li>SECUNDARIO S210-INSTITUTO SAN VICENTE FERRER<\/li><li>SECUNDARIO SANTA MARIA<\/li><\/ul>\n\n\n\n<p><\/p>\n","protected":false},"excerpt":{"rendered":"<p>El recinto del Concejo Deliberante fue el escenario del cierre de este programa. Se realiz\u00f3 el acto de entrega de certificados de la segunda edici\u00f3n de \u201cEducracia \u2013Voto Joven\u201d. El acto se desarroll\u00f3 en el recinto del&nbsp;Concejo Deliberante de Godoy Cruz. El objetivo que tiene&nbsp;\u201cEducracia\u201d&nbsp;es acompa\u00f1ar y brindar informaci\u00f3n a las y los j\u00f3venes que &hellip;<\/p>\n<p class=\"read-more\"> <a class=\"\" href=\"https:\/\/revistaciudad.com.ar\/web\/blog\/2021\/11\/29\/se-entregaron-los-certificados-de-educracia-voto-joven\/\"> <span class=\"screen-reader-text\">Se entregaron los certificados de \u201cEducracia-Voto Joven\u201d<\/span> Leer m\u00e1s \u00bb<\/a><\/p>\n","protected":false},"author":3,"featured_media":8787,"comment_status":"open","ping_status":"open","sticky":false,"template":"","format":"standard","meta":{"_monsterinsights_skip_tracking":false,"_monsterinsights_sitenote_active":false,"_monsterinsights_sitenote_note":"","_monsterinsights_sitenote_category":0,"footnotes":""},"categories":[34],"tags":[],"class_list":["post-8786","post","type-post","status-publish","format-standard","has-post-thumbnail","hentry","category-municipio"],"_links":{"self":[{"href":"https:\/\/revistaciudad.com.ar\/web\/wp-json\/wp\/v2\/posts\/8786","targetHints":{"allow":["GET"]}}],"collection":[{"href":"https:\/\/revistaciudad.com.ar\/web\/wp-json\/wp\/v2\/posts"}],"about":[{"href":"https:\/\/revistaciudad.com.ar\/web\/wp-json\/wp\/v2\/types\/post"}],"author":[{"embeddable":true,"href":"https:\/\/revistaciudad.com.ar\/web\/wp-json\/wp\/v2\/users\/3"}],"replies":[{"embeddable":true,"href":"https:\/\/revistaciudad.com.ar\/web\/wp-json\/wp\/v2\/comments?post=8786"}],"version-history":[{"count":0,"href":"https:\/\/revistaciudad.com.ar\/web\/wp-json\/wp\/v2\/posts\/8786\/revisions"}],"wp:featuredmedia":[{"embeddable":true,"href":"https:\/\/revistaciudad.com.ar\/web\/wp-json\/wp\/v2\/media\/8787"}],"wp:attachment":[{"href":"https:\/\/revistaciudad.com.ar\/web\/wp-json\/wp\/v2\/media?parent=8786"}],"wp:term":[{"taxonomy":"category","embeddable":true,"href":"https:\/\/revistaciudad.com.ar\/web\/wp-json\/wp\/v2\/categories?post=8786"},{"taxonomy":"post_tag","embeddable":true,"href":"https:\/\/revistaciudad.com.ar\/web\/wp-json\/wp\/v2\/tags?post=8786"}],"curies":[{"name":"wp","href":"https:\/\/api.w.org\/{rel}","templated":true}]}}