{"id":8784,"date":"2021-11-29T23:14:56","date_gmt":"2021-11-29T23:14:56","guid":{"rendered":"https:\/\/revistaciudad.com.ar\/web\/?p=8784"},"modified":"2021-11-29T23:14:58","modified_gmt":"2021-11-29T23:14:58","slug":"se-renueva-la-agenda-cultural-de-godoy-cruz","status":"publish","type":"post","link":"https:\/\/revistaciudad.com.ar\/web\/blog\/2021\/11\/29\/se-renueva-la-agenda-cultural-de-godoy-cruz\/","title":{"rendered":"Se renueva la agenda cultural de Godoy Cruz"},"content":{"rendered":"\n<p><strong>Noviembre se despide y una amplia variedad de espect\u00e1culos aguarda al p\u00fablico local. Habr\u00e1 funciones en el Cine Teatro Plaza, salas independientes y el Parque Benegas.&nbsp;<\/strong><\/p>\n\n\n\n<p>La cartelera incluye la presentaci\u00f3n de Hern\u00e1n Piqu\u00edn, un recital de Elena Roger junto a Escalandrum, un encuentro de danza y las funciones programadas de \u201cZona Teatro Godoy Cruz\u201d.<\/p>\n\n\n\n<figure class=\"wp-block-image\"><img decoding=\"async\" src=\"https:\/\/www.godoycruz.gob.ar\/wp-content\/uploads\/2021\/11\/MG_0670-web.jpg\" alt=\"\" \/><\/figure>\n\n\n\n<h3 class=\"wp-block-heading\"><strong>Godoy Cruz, a puro baile y teatro<\/strong><\/h3>\n\n\n\n<p>En primer t\u00e9rmino, el viernes ser\u00e1 la Gala de Compa\u00f1\u00edas &amp; Estudios de Danza. De la mano del Multiespacio de Arte y Movimiento Conexi\u00f3n, 14 elencos de toda la provincia dejar\u00e1n plasmado su talento.<\/p>\n\n\n\n<p><strong>D\u00eda y horario:&nbsp;<\/strong>viernes 26 de noviembre. 20:30 horas.<\/p>\n\n\n\n<p>Lugar: Cine Teatro Plaza (Col\u00f3n 27, Godoy Cruz)<\/p>\n\n\n\n<p>Venta de entradas:&nbsp;<a href=\"https:\/\/l.facebook.com\/l.php?u=https%3A%2F%2Fbit.ly%2FEntradasConexion%3Ffbclid%3DIwAR0p1z5JkPiAGjLi-BATpGWTPxhO5ndoNPM8tHfqoXstjtJqsePMzbLgBGI&amp;h=AT1g1-rrtGcGVeQJ4RszWnJy_F8zVmajK85hXOJjHDAIYvcBsvvXIOTqabcDIkzgc3H4zd299tJDVgZEvky2uDdd9CTmslxHr0TL9iV1p91tO_HR_RGUuEtc-m_atszeUvg&amp;__tn__=-UK-R&amp;c%5b0%5d=AT2mfuuJW_newZJO91wi6Ee2CdS9amznlA6gF8yc1T6vNhdeH-njJsrpZ8pHGBAPaIpAJJHYZnxdXoI_sOEIvd2norTnIqDfbkHuK29UsTNGi0mx0RWdBmvomtm45F-pzAoJnt-GCcwFYVwFTuAnNcfbI5bkkH3UKy9PLENA0EucW8w\">https:\/\/bit.ly\/EntradasConexion<\/a><\/p>\n\n\n\n<p>Boleter\u00eda de la sala: lunes a s\u00e1bado, de 9 a 18 h. Domingos, desde las 17h.<\/p>\n\n\n\n<p><strong>M\u00e1s info:&nbsp;<\/strong><a href=\"https:\/\/bit.ly\/3CVUxka\">https:\/\/bit.ly\/3CVUxka<\/a><\/p>\n\n\n\n<figure class=\"wp-block-image\"><img decoding=\"async\" src=\"https:\/\/www.godoycruz.gob.ar\/wp-content\/uploads\/2021\/11\/Ra%C3%ADz-del-alma-2-web-1.jpg\" alt=\"\" \/><\/figure>\n\n\n\n<p>Entretanto, del 26 al 28 de noviembre llegan diferentes alternativas esc\u00e9nicas, que se podr\u00e1n ver en el Centro Cultural La Colombina, la Enko Sala Gladys Ravalle, la Casa Violeta y el Espacio Giraluna.<\/p>\n\n\n\n<p>Las obras son: \u201cMalditas\u201d; \u201cLa Lechera\u201d; \u201cTodo inclu\u00eddo\u201d; \u201cLengua ca\u00f3tica\u201d, de Lucia Miremont; \u201cGracias en nombre de la empresa\u201d; \u201cLombrices\u201d, y el infantil \u201cLo que me dijo la Gu\u00e1chara\u201d.<\/p>\n\n\n\n<p><strong>D\u00edas:&nbsp;<\/strong>del viernes 26 al domingo 28 de noviembre.<\/p>\n\n\n\n<p>Lugares: salas independientes de Godoy Cruz.<\/p>\n\n\n\n<p>Venta de entradas:&nbsp;<a href=\"https:\/\/l.facebook.com\/l.php?u=https%3A%2F%2Fbit.ly%2FEntradasGiraluna%3Ffbclid%3DIwAR27uelnXN1D46VtF0lDR9GD03dwtdglOcyeV2BkOyLLDoEojMOwcyKMNJg&amp;h=AT3XbTCGrOgwPlQgl-a0FgRlrMWnwy9854loI2C3k0ui8eXJytMr1axJs66_2u3iVNcd2RZrtoBdwtpHq2oZSEkw-Pj0YEbiSzj54vuXuVtNfDbrHDlryiRqnkDBMg06-TI&amp;__tn__=-UK-R&amp;c%5b0%5d=AT3crESs0XBWbbFG6xqUNSfiIMr77WJ-3brCV3qS5Q_DV6gSFJN7Zvvc-msI6lf0HpV5LL_BhQlb0S5NSOtK0oor2Za-T6HQrUjsUy0OZU2rAoyCiU7CBUh5Z--aO2ZTMheFJ9rCKgxaadNDwhXP9q9rjUS6sKqE45Mii0r14W6LOo0\">https:\/\/bit.ly\/EntradasGiraluna<\/a>;&nbsp;<a href=\"https:\/\/l.facebook.com\/l.php?u=https%3A%2F%2Fbit.ly%2FEntradaLaColombina%3Ffbclid%3DIwAR2UX8kNvorA2uYvEulpDlCpGpFbAdtN0h2OvxIZTYoyhUSgzQCIubNbeLk&amp;h=AT3-IYqILTxaP60JrRz1Mv3-KNJdEXi5UFHVbwWsyv25PhEkrSFYUBxZ9HrDFOEwET-xiU5Q7uHZDyTLPoD9ESfFFaR092BWZWxgUNiDgn1cdgEHQj-eO0U-TZDMJK3HO_4&amp;__tn__=-UK-R&amp;c%5b0%5d=AT3crESs0XBWbbFG6xqUNSfiIMr77WJ-3brCV3qS5Q_DV6gSFJN7Zvvc-msI6lf0HpV5LL_BhQlb0S5NSOtK0oor2Za-T6HQrUjsUy0OZU2rAoyCiU7CBUh5Z--aO2ZTMheFJ9rCKgxaadNDwhXP9q9rjUS6sKqE45Mii0r14W6LOo0\">https:\/\/bit.ly\/EntradaLaColombina<\/a>;&nbsp;<a href=\"https:\/\/l.facebook.com\/l.php?u=https%3A%2F%2Fbit.ly%2FEntradasCasaVioleta%3Ffbclid%3DIwAR2UX8kNvorA2uYvEulpDlCpGpFbAdtN0h2OvxIZTYoyhUSgzQCIubNbeLk&amp;h=AT0rz7_FQp0gduMVyXhlyfd24J-ZYqw2DkAmEP9Qc18TxZMg9PAOJKJZaHiOXrtkx-8WPQL_RjhHUjt5mFOaWgtze4nQbmzdiuJuNSesDaWG0GO4ptSWcRdlK4xqMMsVawc&amp;__tn__=-UK-R&amp;c%5b0%5d=AT3crESs0XBWbbFG6xqUNSfiIMr77WJ-3brCV3qS5Q_DV6gSFJN7Zvvc-msI6lf0HpV5LL_BhQlb0S5NSOtK0oor2Za-T6HQrUjsUy0OZU2rAoyCiU7CBUh5Z--aO2ZTMheFJ9rCKgxaadNDwhXP9q9rjUS6sKqE45Mii0r14W6LOo0\">https:\/\/bit.ly\/EntradasCasaVioleta<\/a>&nbsp;y&nbsp;<a href=\"https:\/\/bit.ly\/EntradasEnkosala?fbclid=IwAR33HsQHfPdSq0xq0BTYQXgsnRPIQj-SVD9KODN1UbiBg1ugu7JWNsK4_0M\">bit.ly\/EntradasEnkosala<\/a><\/p>\n\n\n\n<p>En las salas, el mismo d\u00eda de la funci\u00f3n.<\/p>\n\n\n\n<p><strong>M\u00e1s info y agenda completa:<\/strong>&nbsp;<a href=\"https:\/\/bit.ly\/3FQqgp4\">https:\/\/bit.ly\/3FQqgp4<\/a><\/p>\n\n\n\n<figure class=\"wp-block-image\"><img decoding=\"async\" src=\"https:\/\/www.godoycruz.gob.ar\/wp-content\/uploads\/2021\/11\/FERIA-2-web.jpg\" alt=\"\" \/><\/figure>\n\n\n\n<p>El s\u00e1bado volvemos a la sala mayor de Godoy Cruz con \u201cEl show debe continuar\u201d. El destacado bailar\u00edn Hern\u00e1n Piqu\u00edn se pone en la piel de Freddie Mercury para recorrer su vida, a trav\u00e9s de sus mejores canciones.<\/p>\n\n\n\n<p><strong>D\u00eda y horario:&nbsp;<\/strong>s\u00e1bado 27 de noviembre. 21:00 horas.<\/p>\n\n\n\n<p>Lugar: Cine Teatro Plaza (Col\u00f3n 27, Godoy Cruz)<\/p>\n\n\n\n<p>Venta de entradas:&nbsp;<a href=\"https:\/\/bit.ly\/EntradasHernanPiquin?fbclid=IwAR0FhicV6rh5VpyIg49jdPMpNmlfqmLyg7ikgbiEUwFwdXzlU_Kl4Onezho\">https:\/\/bit.ly\/EntradasHernanPiquin<\/a><\/p>\n\n\n\n<p>Boleter\u00eda de la sala (lunes a s\u00e1bado, de 9 a 18 h. Domingos, desde las 17h).<\/p>\n\n\n\n<p><strong>M\u00e1s info:<\/strong>&nbsp;<a href=\"https:\/\/bit.ly\/3xoX8C5\">https:\/\/bit.ly\/3xoX8C5<\/a><\/p>\n\n\n\n<figure class=\"wp-block-image\"><img decoding=\"async\" src=\"https:\/\/www.godoycruz.gob.ar\/wp-content\/uploads\/2021\/11\/Piquin-web-1.jpg\" alt=\"\" \/><\/figure>\n\n\n\n<h3 class=\"wp-block-heading\"><strong>Un aniversario con invitados de primer nivel<\/strong><\/h3>\n\n\n\n<p>Para celebrar los 40 a\u00f1os del Ballet Municipal, la cantante Elena Roger y el sexteto Escalandrum ofrecer\u00e1n un concierto en el Parque Benegas.<\/p>\n\n\n\n<p>Danza y m\u00fasica se unen en la presentaci\u00f3n del disco \u201c3001 Proyecto Piazzolla\u201d, con las obras del gran compositor argentino.<\/p>\n\n\n\n<p><strong>D\u00eda y horario:&nbsp;<\/strong>domingo 28. 20:30 horas.<\/p>\n\n\n\n<p>Lugar: Parque Benegas (Av. del Trabajo y Panamericana).<\/p>\n\n\n\n<p><strong>Entrada libre y gratuita<\/strong><\/p>\n\n\n\n<p><strong>M\u00e1s info:\u00a0<\/strong>\u00a0<a href=\"https:\/\/bit.ly\/3oZ5yMI\">https:\/\/bit.ly\/3oZ5yMI<\/a><\/p>\n\n\n\n<figure class=\"wp-block-image\"><img decoding=\"async\" src=\"https:\/\/www.godoycruz.gob.ar\/wp-content\/uploads\/2021\/11\/Escalandrum-Elena-Roger-Homenaje-a-Maria-Elena-Walsh-Foto-Carlos-Furman05022020_6453-web-1.jpg\" alt=\"\" \/><\/figure>\n","protected":false},"excerpt":{"rendered":"<p>Noviembre se despide y una amplia variedad de espect\u00e1culos aguarda al p\u00fablico local. Habr\u00e1 funciones en el Cine Teatro Plaza, salas independientes y el Parque Benegas.&nbsp; La cartelera incluye la presentaci\u00f3n de Hern\u00e1n Piqu\u00edn, un recital de Elena Roger junto a Escalandrum, un encuentro de danza y las funciones programadas de \u201cZona Teatro Godoy Cruz\u201d. &hellip;<\/p>\n<p class=\"read-more\"> <a class=\"\" href=\"https:\/\/revistaciudad.com.ar\/web\/blog\/2021\/11\/29\/se-renueva-la-agenda-cultural-de-godoy-cruz\/\"> <span class=\"screen-reader-text\">Se renueva la agenda cultural de Godoy Cruz<\/span> Leer m\u00e1s \u00bb<\/a><\/p>\n","protected":false},"author":3,"featured_media":8701,"comment_status":"open","ping_status":"open","sticky":false,"template":"","format":"standard","meta":{"_monsterinsights_skip_tracking":false,"_monsterinsights_sitenote_active":false,"_monsterinsights_sitenote_note":"","_monsterinsights_sitenote_category":0,"footnotes":""},"categories":[34],"tags":[],"class_list":["post-8784","post","type-post","status-publish","format-standard","has-post-thumbnail","hentry","category-municipio"],"_links":{"self":[{"href":"https:\/\/revistaciudad.com.ar\/web\/wp-json\/wp\/v2\/posts\/8784","targetHints":{"allow":["GET"]}}],"collection":[{"href":"https:\/\/revistaciudad.com.ar\/web\/wp-json\/wp\/v2\/posts"}],"about":[{"href":"https:\/\/revistaciudad.com.ar\/web\/wp-json\/wp\/v2\/types\/post"}],"author":[{"embeddable":true,"href":"https:\/\/revistaciudad.com.ar\/web\/wp-json\/wp\/v2\/users\/3"}],"replies":[{"embeddable":true,"href":"https:\/\/revistaciudad.com.ar\/web\/wp-json\/wp\/v2\/comments?post=8784"}],"version-history":[{"count":0,"href":"https:\/\/revistaciudad.com.ar\/web\/wp-json\/wp\/v2\/posts\/8784\/revisions"}],"wp:featuredmedia":[{"embeddable":true,"href":"https:\/\/revistaciudad.com.ar\/web\/wp-json\/wp\/v2\/media\/8701"}],"wp:attachment":[{"href":"https:\/\/revistaciudad.com.ar\/web\/wp-json\/wp\/v2\/media?parent=8784"}],"wp:term":[{"taxonomy":"category","embeddable":true,"href":"https:\/\/revistaciudad.com.ar\/web\/wp-json\/wp\/v2\/categories?post=8784"},{"taxonomy":"post_tag","embeddable":true,"href":"https:\/\/revistaciudad.com.ar\/web\/wp-json\/wp\/v2\/tags?post=8784"}],"curies":[{"name":"wp","href":"https:\/\/api.w.org\/{rel}","templated":true}]}}