{"id":8781,"date":"2021-11-29T23:11:04","date_gmt":"2021-11-29T23:11:04","guid":{"rendered":"https:\/\/revistaciudad.com.ar\/web\/?p=8781"},"modified":"2021-11-29T23:11:06","modified_gmt":"2021-11-29T23:11:06","slug":"temporada-2021-22-de-ciclismo-de-ruta-corte-de-transito-en-el-corredor-del-oeste-para-este-domingo","status":"publish","type":"post","link":"https:\/\/revistaciudad.com.ar\/web\/blog\/2021\/11\/29\/temporada-2021-22-de-ciclismo-de-ruta-corte-de-transito-en-el-corredor-del-oeste-para-este-domingo\/","title":{"rendered":"Temporada 2021\/22 de Ciclismo de Ruta: corte de tr\u00e1nsito en el Corredor del Oeste para este domingo"},"content":{"rendered":"\n<p> <em><strong>La tercera fecha del calendario de Ruta 2021\/22 pasar\u00e1 por Godoy Cruz el pr\u00f3ximo domingo. En consecuencia, ese d\u00eda habr\u00e1 cortes totales\u00a0de tr\u00e1nsito\u00a0de 7 a 14<\/strong><\/em> <\/p>\n\n\n\n<p>El tr\u00e1nsito en el Corredor del Oeste estar\u00e1 cortado de 7 a 14. Pero adem\u00e1s, no se podr\u00e1 circular por algunos cruces.<\/p>\n\n\n\n<h3 class=\"wp-block-heading\">\u00bfQu\u00e9 intersecciones estar\u00e1n cortadas?<\/h3>\n\n\n\n<p>No se podr\u00e1 circular en laintersecci\u00f3n del Corredor del Oeste con la Rotonda Nuestra Se\u00f1ora del Rosario de Pompeya,&nbsp;y con calles&nbsp;Montes de Oca, Mart\u00edn Fierro, Ant\u00e1rtida Argentina y Carola Lorenzini.<\/p>\n\n\n\n<p>Tambi\u00e9n habr\u00e1&nbsp;<strong>corte total en las subidas<\/strong>&nbsp;al Corredor por Salvador Arias, Salvador Civit, Tiburcio Benegas y Lago Hermoso. Mientras que la circulaci\u00f3n de estas calles estar\u00e1 habilitada de Este a Oeste.<\/p>\n\n\n\n<p>Adem\u00e1s, se realizar\u00e1n&nbsp;<strong>cortes parciales<\/strong>&nbsp;de las 8 a las 14, en la intersecci\u00f3n de Corredor del Oeste con Paran\u00e1, Armani, Pellegrini, Gorriti, Paraguay y Talcahuano.<\/p>\n\n\n\n<blockquote class=\"wp-block-quote is-layout-flow wp-block-quote-is-layout-flow\"><p>Se solicita elegir v\u00edas alternativas.<\/p><\/blockquote>\n\n\n\n<figure class=\"wp-block-image\"><img decoding=\"async\" src=\"https:\/\/www.godoycruz.gob.ar\/wp-content\/uploads\/2021\/11\/cartel-corte-de-tr%C3%A1nsito-en-el-corredor-del-oeste.jpg\" alt=\"\" \/><\/figure>\n","protected":false},"excerpt":{"rendered":"<p>La tercera fecha del calendario de Ruta 2021\/22 pasar\u00e1 por Godoy Cruz el pr\u00f3ximo domingo. En consecuencia, ese d\u00eda habr\u00e1 cortes totales\u00a0de tr\u00e1nsito\u00a0de 7 a 14 El tr\u00e1nsito en el Corredor del Oeste estar\u00e1 cortado de 7 a 14. Pero adem\u00e1s, no se podr\u00e1 circular por algunos cruces. \u00bfQu\u00e9 intersecciones estar\u00e1n cortadas? No se podr\u00e1 &hellip;<\/p>\n<p class=\"read-more\"> <a class=\"\" href=\"https:\/\/revistaciudad.com.ar\/web\/blog\/2021\/11\/29\/temporada-2021-22-de-ciclismo-de-ruta-corte-de-transito-en-el-corredor-del-oeste-para-este-domingo\/\"> <span class=\"screen-reader-text\">Temporada 2021\/22 de Ciclismo de Ruta: corte de tr\u00e1nsito en el Corredor del Oeste para este domingo<\/span> Leer m\u00e1s \u00bb<\/a><\/p>\n","protected":false},"author":3,"featured_media":8782,"comment_status":"open","ping_status":"open","sticky":false,"template":"","format":"standard","meta":{"_monsterinsights_skip_tracking":false,"_monsterinsights_sitenote_active":false,"_monsterinsights_sitenote_note":"","_monsterinsights_sitenote_category":0,"footnotes":""},"categories":[34],"tags":[],"class_list":["post-8781","post","type-post","status-publish","format-standard","has-post-thumbnail","hentry","category-municipio"],"_links":{"self":[{"href":"https:\/\/revistaciudad.com.ar\/web\/wp-json\/wp\/v2\/posts\/8781","targetHints":{"allow":["GET"]}}],"collection":[{"href":"https:\/\/revistaciudad.com.ar\/web\/wp-json\/wp\/v2\/posts"}],"about":[{"href":"https:\/\/revistaciudad.com.ar\/web\/wp-json\/wp\/v2\/types\/post"}],"author":[{"embeddable":true,"href":"https:\/\/revistaciudad.com.ar\/web\/wp-json\/wp\/v2\/users\/3"}],"replies":[{"embeddable":true,"href":"https:\/\/revistaciudad.com.ar\/web\/wp-json\/wp\/v2\/comments?post=8781"}],"version-history":[{"count":0,"href":"https:\/\/revistaciudad.com.ar\/web\/wp-json\/wp\/v2\/posts\/8781\/revisions"}],"wp:featuredmedia":[{"embeddable":true,"href":"https:\/\/revistaciudad.com.ar\/web\/wp-json\/wp\/v2\/media\/8782"}],"wp:attachment":[{"href":"https:\/\/revistaciudad.com.ar\/web\/wp-json\/wp\/v2\/media?parent=8781"}],"wp:term":[{"taxonomy":"category","embeddable":true,"href":"https:\/\/revistaciudad.com.ar\/web\/wp-json\/wp\/v2\/categories?post=8781"},{"taxonomy":"post_tag","embeddable":true,"href":"https:\/\/revistaciudad.com.ar\/web\/wp-json\/wp\/v2\/tags?post=8781"}],"curies":[{"name":"wp","href":"https:\/\/api.w.org\/{rel}","templated":true}]}}