{"id":8774,"date":"2021-11-29T23:05:59","date_gmt":"2021-11-29T23:05:59","guid":{"rendered":"https:\/\/revistaciudad.com.ar\/web\/?p=8774"},"modified":"2021-11-29T23:06:01","modified_gmt":"2021-11-29T23:06:01","slug":"cultura-en-el-transporte-publico-el-disco-del-coro-cantapueblo-se-podra-escuchar-en-paradores-del-metrotranvia","status":"publish","type":"post","link":"https:\/\/revistaciudad.com.ar\/web\/blog\/2021\/11\/29\/cultura-en-el-transporte-publico-el-disco-del-coro-cantapueblo-se-podra-escuchar-en-paradores-del-metrotranvia\/","title":{"rendered":"Cultura en el transporte p\u00fablico: el disco del Coro Cantapueblo se podr\u00e1 escuchar en paradores del metrotranv\u00eda"},"content":{"rendered":"\n<p> <strong><em>A trav\u00e9s de un c\u00f3digo QR se podr\u00e1 descargar el\u00a0homenaje del coro godoicruce\u00f1o a Mar\u00eda Elena Walsh<\/em><\/strong> <\/p>\n\n\n\n<p><strong>Cultura en el transporte p\u00fablico de pasajeros.<\/strong><\/p>\n\n\n\n<p>Esa es la apuesta de Godoy Cruz, que este jueves realiz\u00f3 el<strong>&nbsp;lanzamiento&nbsp;oficial&nbsp;del disco&nbsp;<em>El Coro Cantapueblo Canta Mar\u00eda Elena Walsh<\/em>, en el Parque Mitre&nbsp;de ese departamento.<\/strong><\/p>\n\n\n\n<p>De esta manera, el&nbsp;<strong>intendente Tadeo Garc\u00eda Zalazar<\/strong>, cont\u00f3 que se trata de \u201c<strong>un avance para la difusi\u00f3n de la cultura y, en alianza con la Secretar\u00eda de Servicios P\u00fablicos de la Provincia<\/strong>, la continuidad de un trabajo para mejorar el entorno y las paradas de metrotranv\u00eda\u201d.<\/p>\n\n\n\n<p>Mientras tanto,&nbsp;esta acci\u00f3n incluye la&nbsp;<strong>colocaci\u00f3n de&nbsp;c\u00f3digos QR para que los usuarios descarguen los 10 temas que integran la obra<\/strong>, que est\u00e1 disponible en&nbsp;<strong><a href=\"https:\/\/www.youtube.com\/playlist?list=PLewZGq_WdVIRpUUuzLq9qvDPd7IFVB3gw\" target=\"_blank\" rel=\"noreferrer noopener\">YouTube<\/a>&nbsp;y&nbsp;<a href=\"https:\/\/open.spotify.com\/album\/5jgIoB9uHN4UnyyKThaaqy\" target=\"_blank\" rel=\"noreferrer noopener\">Spotify<\/a><\/strong>.<\/p>\n\n\n\n<p>Por su parte, Gareca explic\u00f3 que \u201cla idea es traer a las nuevas generaciones la magn\u00edfica obra de esta cantautora, es una manera de que esa obra siga siendo escuchada\u201d.<\/p>\n\n\n\n<p>Natalio Mema, secretario de Servicios P\u00fablicos, dijo que \u201cestamos muy contentos y agradecidos, la Municipalidad viene haciendo diferentes acciones en los paradores del transporte p\u00fablico, es la sinergia la que lleva mejor calidad de servicio\u201d.<\/p>\n\n\n\n<p>En el lugar estuvo el coro dirigido por Nancy Ciccioli, que cant\u00f3 en el parador y en el metrotranv\u00eda.<\/p>\n\n\n\n<p>Por otro lado, los c\u00f3digos, de acceso p\u00fablico, se instalaron en diferentes&nbsp;vagones del metrotranv\u00eda y en los \u00f3mnibus de la l\u00ednea 100, que une Godoy Cruz y Las Heras.<\/p>\n\n\n\n<p>De esta manera, las canciones\u00a0de la reconocida Mar\u00eda Elena Walsh,\u00a0unieron a varias generaciones y reflejaron \u00e9pocas de mucha tensi\u00f3n pol\u00edtica y social en nuestro pa\u00eds.<\/p>\n\n\n\n<figure class=\"wp-block-gallery columns-3 is-cropped wp-block-gallery-1 is-layout-flex wp-block-gallery-is-layout-flex\"><ul class=\"blocks-gallery-grid\"><li class=\"blocks-gallery-item\"><figure><img fetchpriority=\"high\" decoding=\"async\" width=\"772\" height=\"483\" src=\"https:\/\/revistaciudad.com.ar\/web\/wp-content\/uploads\/2021\/11\/codigo-qr-disco-maria-elena-walsh-cantapueblo-2.jpg\" alt=\"\" data-id=\"8775\" data-full-url=\"https:\/\/revistaciudad.com.ar\/web\/wp-content\/uploads\/2021\/11\/codigo-qr-disco-maria-elena-walsh-cantapueblo-2.jpg\" data-link=\"https:\/\/revistaciudad.com.ar\/web\/?attachment_id=8775\" class=\"wp-image-8775\" srcset=\"https:\/\/revistaciudad.com.ar\/web\/wp-content\/uploads\/2021\/11\/codigo-qr-disco-maria-elena-walsh-cantapueblo-2.jpg 772w, https:\/\/revistaciudad.com.ar\/web\/wp-content\/uploads\/2021\/11\/codigo-qr-disco-maria-elena-walsh-cantapueblo-2-300x188.jpg 300w, https:\/\/revistaciudad.com.ar\/web\/wp-content\/uploads\/2021\/11\/codigo-qr-disco-maria-elena-walsh-cantapueblo-2-768x480.jpg 768w, https:\/\/revistaciudad.com.ar\/web\/wp-content\/uploads\/2021\/11\/codigo-qr-disco-maria-elena-walsh-cantapueblo-2-600x375.jpg 600w\" sizes=\"(max-width: 772px) 100vw, 772px\" \/><\/figure><\/li><li class=\"blocks-gallery-item\"><figure><img decoding=\"async\" width=\"772\" height=\"515\" src=\"https:\/\/revistaciudad.com.ar\/web\/wp-content\/uploads\/2021\/11\/codigo-qr-disco-maria-elena-walsh-cantapueblo-1.jpg\" alt=\"\" data-id=\"8776\" data-full-url=\"https:\/\/revistaciudad.com.ar\/web\/wp-content\/uploads\/2021\/11\/codigo-qr-disco-maria-elena-walsh-cantapueblo-1.jpg\" data-link=\"https:\/\/revistaciudad.com.ar\/web\/?attachment_id=8776\" class=\"wp-image-8776\" srcset=\"https:\/\/revistaciudad.com.ar\/web\/wp-content\/uploads\/2021\/11\/codigo-qr-disco-maria-elena-walsh-cantapueblo-1.jpg 772w, https:\/\/revistaciudad.com.ar\/web\/wp-content\/uploads\/2021\/11\/codigo-qr-disco-maria-elena-walsh-cantapueblo-1-300x200.jpg 300w, https:\/\/revistaciudad.com.ar\/web\/wp-content\/uploads\/2021\/11\/codigo-qr-disco-maria-elena-walsh-cantapueblo-1-768x512.jpg 768w, https:\/\/revistaciudad.com.ar\/web\/wp-content\/uploads\/2021\/11\/codigo-qr-disco-maria-elena-walsh-cantapueblo-1-600x400.jpg 600w\" sizes=\"(max-width: 772px) 100vw, 772px\" \/><\/figure><\/li><li class=\"blocks-gallery-item\"><figure><img decoding=\"async\" width=\"772\" height=\"624\" src=\"https:\/\/revistaciudad.com.ar\/web\/wp-content\/uploads\/2021\/11\/codigo-qr-disco-maria-elena-walsh-cantapueblo.jpg\" alt=\"\" data-id=\"8777\" data-full-url=\"https:\/\/revistaciudad.com.ar\/web\/wp-content\/uploads\/2021\/11\/codigo-qr-disco-maria-elena-walsh-cantapueblo.jpg\" data-link=\"https:\/\/revistaciudad.com.ar\/web\/?attachment_id=8777\" class=\"wp-image-8777\" srcset=\"https:\/\/revistaciudad.com.ar\/web\/wp-content\/uploads\/2021\/11\/codigo-qr-disco-maria-elena-walsh-cantapueblo.jpg 772w, https:\/\/revistaciudad.com.ar\/web\/wp-content\/uploads\/2021\/11\/codigo-qr-disco-maria-elena-walsh-cantapueblo-300x242.jpg 300w, https:\/\/revistaciudad.com.ar\/web\/wp-content\/uploads\/2021\/11\/codigo-qr-disco-maria-elena-walsh-cantapueblo-768x621.jpg 768w, https:\/\/revistaciudad.com.ar\/web\/wp-content\/uploads\/2021\/11\/codigo-qr-disco-maria-elena-walsh-cantapueblo-600x485.jpg 600w\" sizes=\"(max-width: 772px) 100vw, 772px\" \/><\/figure><\/li><\/ul><\/figure>\n\n\n\n<h3 class=\"wp-block-heading\">M\u00e1s acciones para mejorar los paradores<\/h3>\n\n\n\n<p>Adem\u00e1s de esta iniciativa, la comuna realiza otras junto al Gobierno provincial en torno al transporte p\u00fablico.<\/p>\n\n\n\n<p>\u201cYa se han inaugurado los dispositivos para ver la hora en la que vienen los colectivos en los lugares con m\u00e1s afluencia de p\u00fablico de Godoy Cruz\u201d, analiz\u00f3 Garc\u00eda Zalazar en referencia a los ubicados en calle Rivadavia, frente a la Plaza departamental y San Mart\u00edn y Maip\u00fa.<\/p>\n\n\n\n<p>Por \u00faltimo, Mema concluy\u00f3 que es&nbsp;\u201cuna de las acciones que se suma a otras, como los paradores en Paso de los Andes, en calle San Mart\u00edn y en los del metrotranv\u00eda que son en beneficio para los usuarios del transporte\u201d.<\/p>\n\n\n\n<figure class=\"wp-block-image\"><img decoding=\"async\" src=\"https:\/\/www.godoycruz.gob.ar\/wp-content\/uploads\/2021\/11\/coro-cantapueblo-godoy-cruz.jpg\" alt=\"\" \/><\/figure>\n","protected":false},"excerpt":{"rendered":"<p>A trav\u00e9s de un c\u00f3digo QR se podr\u00e1 descargar el\u00a0homenaje del coro godoicruce\u00f1o a Mar\u00eda Elena Walsh Cultura en el transporte p\u00fablico de pasajeros. Esa es la apuesta de Godoy Cruz, que este jueves realiz\u00f3 el&nbsp;lanzamiento&nbsp;oficial&nbsp;del disco&nbsp;El Coro Cantapueblo Canta Mar\u00eda Elena Walsh, en el Parque Mitre&nbsp;de ese departamento. De esta manera, el&nbsp;intendente Tadeo Garc\u00eda &hellip;<\/p>\n<p class=\"read-more\"> <a class=\"\" href=\"https:\/\/revistaciudad.com.ar\/web\/blog\/2021\/11\/29\/cultura-en-el-transporte-publico-el-disco-del-coro-cantapueblo-se-podra-escuchar-en-paradores-del-metrotranvia\/\"> <span class=\"screen-reader-text\">Cultura en el transporte p\u00fablico: el disco del Coro Cantapueblo se podr\u00e1 escuchar en paradores del metrotranv\u00eda<\/span> Leer m\u00e1s \u00bb<\/a><\/p>\n","protected":false},"author":3,"featured_media":8778,"comment_status":"open","ping_status":"open","sticky":false,"template":"","format":"standard","meta":{"_monsterinsights_skip_tracking":false,"_monsterinsights_sitenote_active":false,"_monsterinsights_sitenote_note":"","_monsterinsights_sitenote_category":0,"footnotes":""},"categories":[34],"tags":[],"class_list":["post-8774","post","type-post","status-publish","format-standard","has-post-thumbnail","hentry","category-municipio"],"_links":{"self":[{"href":"https:\/\/revistaciudad.com.ar\/web\/wp-json\/wp\/v2\/posts\/8774","targetHints":{"allow":["GET"]}}],"collection":[{"href":"https:\/\/revistaciudad.com.ar\/web\/wp-json\/wp\/v2\/posts"}],"about":[{"href":"https:\/\/revistaciudad.com.ar\/web\/wp-json\/wp\/v2\/types\/post"}],"author":[{"embeddable":true,"href":"https:\/\/revistaciudad.com.ar\/web\/wp-json\/wp\/v2\/users\/3"}],"replies":[{"embeddable":true,"href":"https:\/\/revistaciudad.com.ar\/web\/wp-json\/wp\/v2\/comments?post=8774"}],"version-history":[{"count":0,"href":"https:\/\/revistaciudad.com.ar\/web\/wp-json\/wp\/v2\/posts\/8774\/revisions"}],"wp:featuredmedia":[{"embeddable":true,"href":"https:\/\/revistaciudad.com.ar\/web\/wp-json\/wp\/v2\/media\/8778"}],"wp:attachment":[{"href":"https:\/\/revistaciudad.com.ar\/web\/wp-json\/wp\/v2\/media?parent=8774"}],"wp:term":[{"taxonomy":"category","embeddable":true,"href":"https:\/\/revistaciudad.com.ar\/web\/wp-json\/wp\/v2\/categories?post=8774"},{"taxonomy":"post_tag","embeddable":true,"href":"https:\/\/revistaciudad.com.ar\/web\/wp-json\/wp\/v2\/tags?post=8774"}],"curies":[{"name":"wp","href":"https:\/\/api.w.org\/{rel}","templated":true}]}}