{"id":8768,"date":"2021-11-29T22:56:19","date_gmt":"2021-11-29T22:56:19","guid":{"rendered":"https:\/\/revistaciudad.com.ar\/web\/?p=8768"},"modified":"2021-11-29T22:56:22","modified_gmt":"2021-11-29T22:56:22","slug":"nuevo-encuentro-de-empresas-sostenibles-de-godoy-cruz","status":"publish","type":"post","link":"https:\/\/revistaciudad.com.ar\/web\/blog\/2021\/11\/29\/nuevo-encuentro-de-empresas-sostenibles-de-godoy-cruz\/","title":{"rendered":"Nuevo encuentro de empresas sostenibles de Godoy Cruz"},"content":{"rendered":"\n<p><em><strong>En el marco de la alianza p\u00fablico-privada frente al Cambio Clim\u00e1tico, se llev\u00f3 adelante un nuevo encuentro para empresas sostenibles del Departamento<\/strong><\/em><\/p>\n\n\n\n<p>En articulaci\u00f3n con la Red Argentina de Municipios frente al Cambio Clim\u00e1tico (RAMCC), tuvo lugar el evento denominado \u201cUn caf\u00e9 por el Clima\u201d. All\u00ed, se abord\u00f3 la medici\u00f3n de la huella de carbono como herramienta de gesti\u00f3n ambiental aplicada al sector privado.<\/p>\n\n\n\n<p>El evento se realiz\u00f3 en el espacio de Coworking del Parque TIC, ubicado en Rafael Cubillos 2056. Es importante destacar que asistieron m\u00e1s de 20 empresas radicadas en Godoy Cruz. Adem\u00e1s, se mostraron muy interesadas en incorporar la perspectiva de sostenibilidad en sus organizaciones.<\/p>\n\n\n\n<p>Tambi\u00e9n, para reafirmar la alianza, las empresas invitadas firmaron la Declaraci\u00f3n de Compromiso Alianza P\u00fablico-Privada frente al Cambio Clim\u00e1tico.<\/p>\n\n\n\n<figure class=\"wp-block-image\"><img decoding=\"async\" src=\"https:\/\/www.godoycruz.gob.ar\/wp-content\/uploads\/2021\/11\/WhatsApp-Image-2021-11-25-at-10.01.53-1.jpeg\" alt=\"\" \/><\/figure>\n\n\n\n<h3 class=\"wp-block-heading\">\u00bfQu\u00e9 es la Huella de Carbono Corporativa?<\/h3>\n\n\n\n<p>Es un servicio brindado por la RAMCC que acompa\u00f1a a empresas y organizaciones hacia la carbono neutralidad 2050.<\/p>\n\n\n\n<p>Se trata de que el 50% del monto facturado a cada entidad, sea reinvertido. Efectivamente, se traslada a proyectos de triple impacto, lo que fortalece el cumplimiento de las Pol\u00edticas de Responsabilidad Socio Empresarial en los municipios miembros.<\/p>\n\n\n\n<p>Por este motivo, el municipio se encuentra especialmente interesado en promover la medici\u00f3n de la huella de carbono a trav\u00e9s de la RAMCC. Tiene como objetivo retroalimentar la inversi\u00f3n generada por la empresa en proyectos locales.<\/p>\n\n\n\n<p>En el marco de la alianza p\u00fablico-privada frente al Cambio Clim\u00e1tico, Godoy Cruz ha realizado un sorteo de dos mediciones de huella de carbono corporativa para empresas del Departamento.<\/p>\n\n\n\n<p>El objetivo final es dise\u00f1ar e implementar acciones de mitigaci\u00f3n y adaptaci\u00f3n al Cambio Clim\u00e1tico desde el sector privado.<\/p>\n\n\n\n<figure class=\"wp-block-image\"><img decoding=\"async\" src=\"https:\/\/www.godoycruz.gob.ar\/wp-content\/uploads\/2021\/11\/WhatsApp-Image-2021-11-25-at-10.01.53.jpeg\" alt=\"\" \/><\/figure>\n","protected":false},"excerpt":{"rendered":"<p>En el marco de la alianza p\u00fablico-privada frente al Cambio Clim\u00e1tico, se llev\u00f3 adelante un nuevo encuentro para empresas sostenibles del Departamento En articulaci\u00f3n con la Red Argentina de Municipios frente al Cambio Clim\u00e1tico (RAMCC), tuvo lugar el evento denominado \u201cUn caf\u00e9 por el Clima\u201d. All\u00ed, se abord\u00f3 la medici\u00f3n de la huella de carbono &hellip;<\/p>\n<p class=\"read-more\"> <a class=\"\" href=\"https:\/\/revistaciudad.com.ar\/web\/blog\/2021\/11\/29\/nuevo-encuentro-de-empresas-sostenibles-de-godoy-cruz\/\"> <span class=\"screen-reader-text\">Nuevo encuentro de empresas sostenibles de Godoy Cruz<\/span> Leer m\u00e1s \u00bb<\/a><\/p>\n","protected":false},"author":3,"featured_media":8769,"comment_status":"open","ping_status":"open","sticky":false,"template":"","format":"standard","meta":{"_monsterinsights_skip_tracking":false,"_monsterinsights_sitenote_active":false,"_monsterinsights_sitenote_note":"","_monsterinsights_sitenote_category":0,"footnotes":""},"categories":[34],"tags":[],"class_list":["post-8768","post","type-post","status-publish","format-standard","has-post-thumbnail","hentry","category-municipio"],"_links":{"self":[{"href":"https:\/\/revistaciudad.com.ar\/web\/wp-json\/wp\/v2\/posts\/8768","targetHints":{"allow":["GET"]}}],"collection":[{"href":"https:\/\/revistaciudad.com.ar\/web\/wp-json\/wp\/v2\/posts"}],"about":[{"href":"https:\/\/revistaciudad.com.ar\/web\/wp-json\/wp\/v2\/types\/post"}],"author":[{"embeddable":true,"href":"https:\/\/revistaciudad.com.ar\/web\/wp-json\/wp\/v2\/users\/3"}],"replies":[{"embeddable":true,"href":"https:\/\/revistaciudad.com.ar\/web\/wp-json\/wp\/v2\/comments?post=8768"}],"version-history":[{"count":0,"href":"https:\/\/revistaciudad.com.ar\/web\/wp-json\/wp\/v2\/posts\/8768\/revisions"}],"wp:featuredmedia":[{"embeddable":true,"href":"https:\/\/revistaciudad.com.ar\/web\/wp-json\/wp\/v2\/media\/8769"}],"wp:attachment":[{"href":"https:\/\/revistaciudad.com.ar\/web\/wp-json\/wp\/v2\/media?parent=8768"}],"wp:term":[{"taxonomy":"category","embeddable":true,"href":"https:\/\/revistaciudad.com.ar\/web\/wp-json\/wp\/v2\/categories?post=8768"},{"taxonomy":"post_tag","embeddable":true,"href":"https:\/\/revistaciudad.com.ar\/web\/wp-json\/wp\/v2\/tags?post=8768"}],"curies":[{"name":"wp","href":"https:\/\/api.w.org\/{rel}","templated":true}]}}