{"id":8762,"date":"2021-11-29T22:54:23","date_gmt":"2021-11-29T22:54:23","guid":{"rendered":"https:\/\/revistaciudad.com.ar\/web\/?p=8762"},"modified":"2021-11-29T22:54:26","modified_gmt":"2021-11-29T22:54:26","slug":"esta-habilitada-la-venta-de-entradas-para-la-fiesta-provincial-de-la-cerveza","status":"publish","type":"post","link":"https:\/\/revistaciudad.com.ar\/web\/blog\/2021\/11\/29\/esta-habilitada-la-venta-de-entradas-para-la-fiesta-provincial-de-la-cerveza\/","title":{"rendered":"Est\u00e1 habilitada la venta de entradas para la Fiesta Provincial de la Cerveza"},"content":{"rendered":"\n<p><strong><em><strong><em>Este a\u00f1o, los tickets se podr\u00e1n comprar solo de manera virtual y el costo es de 1000 pesos. Para asistir es necesario tener el esquema de vacunaci\u00f3n completo<\/em><\/strong><\/em><\/strong><\/p>\n\n\n\n<figure class=\"wp-block-image\"><img decoding=\"async\" src=\"https:\/\/www.godoycruz.gob.ar\/wp-content\/uploads\/2021\/11\/foto-entrada-este-fiesta-de-la-cerveza-godoy-cruz-mendoza-ok.jpg\" alt=\"\" \/><\/figure>\n\n\n\n<figure class=\"wp-block-image size-large\"><a href=\"https:\/\/www.fiestacervezagc.com.ar\/event\/fiesta-de-la-cerveza-2021\"><img decoding=\"async\" width=\"306\" height=\"66\" src=\"https:\/\/revistaciudad.com.ar\/web\/wp-content\/uploads\/2021\/11\/image-33.png\" alt=\"\" class=\"wp-image-8763\" srcset=\"https:\/\/revistaciudad.com.ar\/web\/wp-content\/uploads\/2021\/11\/image-33.png 306w, https:\/\/revistaciudad.com.ar\/web\/wp-content\/uploads\/2021\/11\/image-33-300x66.png 300w\" sizes=\"(max-width: 306px) 100vw, 306px\" \/><\/a><\/figure>\n\n\n\n<p><strong>La venta de entradas para la Fiesta Provincial de la Cerveza est\u00e1 habilitada.<\/strong><\/p>\n\n\n\n<p>De esta manera, quienes quieran adquirir su ticket pueden hacerlo<strong>&nbsp;solo de manera online en la p\u00e1gina&nbsp;<a href=\"https:\/\/www.fiestacervezagc.com.ar\/event\/fiesta-de-la-cerveza-2021\" target=\"_blank\" rel=\"noreferrer noopener\">fiestacervezagc.com.ar.<\/a><\/strong><\/p>\n\n\n\n<p><strong>Es importante recordar que para asistir es necesario tener completo el esquema de vacunaci\u00f3n Covid-19 y que la capacidad ser\u00e1 limitada, de acuerdo a la normativa sanitaria vigente en esas fechas.<br><\/strong><\/p>\n\n\n\n<p>Se podr\u00e1 llevar el comprobante del carnet (f\u00edsico) de vacunaci\u00f3n, as\u00ed como de los emitidos por las Apps CUIDAR y MI ARGENTINA.<\/p>\n\n\n\n<p>Mientras tanto, esta 14\u00aa edici\u00f3n ser\u00e1 el&nbsp;<strong>10, 11 y 12 de diciembre, en el Parque San Vicente, de Godoy Cruz<\/strong>.<\/p>\n\n\n\n<p>Las entradas tienen un<strong>&nbsp;valor general de&nbsp;1000&nbsp;pesos&nbsp;y el abono por los tres d\u00edas es de 2500.<\/strong><\/p>\n\n\n\n<p>Por otro lado, los menores de 10 a\u00f1os ingresan sin cargo y deben asistir con un adulto responsable.<\/p>\n\n\n\n<p>Para acceder a este beneficio los mayores deber\u00e1n retirar los tickets en las boleter\u00edas habilitadas en el predio los d\u00edas del evento, presentando el documento del menor y la entrada del mayor a cargo (s\u00f3lo dos menores por mayor).<\/p>\n\n\n\n<p>Las personas con discapacidad tambi\u00e9n podr\u00e1n entrar sin cargo. Para ello deben asistir con DNI y Certificado \u00danico de Discapacidad (CUD) actualizado.<\/p>\n\n\n\n<p>Este nuevo cap\u00edtulo,&nbsp;<a href=\"https:\/\/www.godoycruz.gob.ar\/la-delio-valdez-las-pelotas-lit-killah-completaran-la-grilla-la-fiesta-la-cerveza-2021\/\" target=\"_blank\" rel=\"noreferrer noopener\">La Delio Valdez, Las Pelotas y Lit Killah<\/a>&nbsp;ser\u00e1n los artistas que cerrar\u00e1n las noches del&nbsp;viernes, s\u00e1bado y domingo, respectivamente.<\/p>\n\n\n\n<p>Adem\u00e1s, 15 bandas mendocinas&nbsp;se subir\u00e1n al escenario de la Fiesta cervecera m\u00e1s grande del Oeste argentino.<\/p>\n\n\n\n<p>Al volver a su versi\u00f3n presencial, tambi\u00e9n regresa el patio de comidas, cerveza y otras&nbsp;sorpresas para quienes decidan asistir.<\/p>\n\n\n\n<h3 class=\"wp-block-heading\">Precio de las entradas<\/h3>\n\n\n\n<p>\u2013 General $1000<br>\u2013 Abono&nbsp;por los tres d\u00edas,&nbsp;$2500<br>\u2013 Menores 10 a\u00f1os&nbsp;y personas con discapacidad&nbsp;(Sin cargo)<\/p>\n\n\n\n<p><strong>Medios de pago:&nbsp;<\/strong>Tarjeta de cr\u00e9dito y d\u00e9bito de VISA y MasterCard.<\/p>\n\n\n\n<p><em><strong>Dudas y consultas a&nbsp;contactofiestacervezagc@gmail.com<\/strong><\/em><\/p>\n\n\n\n<h3 class=\"wp-block-heading\">M\u00f3viles de vacunaci\u00f3n en el predio<\/h3>\n\n\n\n<p>As\u00ed mismo, habr\u00e1 tres puntos de vacunaci\u00f3n Covid-19 en los diferentes ingresos del predio ubicado en Cipolletti y Mosconi.<\/p>\n\n\n\n<p>All\u00ed, quienes a\u00fan no completen el esquema de vacunaci\u00f3n,\u00a0podr\u00e1n colocarse la dosis correspondiente.<\/p>\n\n\n\n<figure class=\"wp-block-embed-youtube wp-block-embed is-type-video is-provider-youtube wp-embed-aspect-16-9 wp-has-aspect-ratio\"><div class=\"wp-block-embed__wrapper\">\n<div class=\"ast-oembed-container\"><iframe title=\"Promo Fiesta de la Cerveza Godoy Cruz 2021\" width=\"500\" height=\"281\" src=\"https:\/\/www.youtube.com\/embed\/oxTPSzJgdzk?feature=oembed\" frameborder=\"0\" allow=\"accelerometer; autoplay; clipboard-write; encrypted-media; gyroscope; picture-in-picture; web-share\" referrerpolicy=\"strict-origin-when-cross-origin\" allowfullscreen><\/iframe><\/div>\n<\/div><\/figure>\n\n\n\n<figure class=\"wp-block-image size-large\"><a href=\"https:\/\/www.godoycruz.gob.ar\/fiesta-de-la-cerveza-godoy-cruz\/\"><img decoding=\"async\" width=\"379\" height=\"63\" src=\"https:\/\/revistaciudad.com.ar\/web\/wp-content\/uploads\/2021\/11\/image-34.png\" alt=\"\" class=\"wp-image-8764\" srcset=\"https:\/\/revistaciudad.com.ar\/web\/wp-content\/uploads\/2021\/11\/image-34.png 379w, https:\/\/revistaciudad.com.ar\/web\/wp-content\/uploads\/2021\/11\/image-34-300x50.png 300w\" sizes=\"(max-width: 379px) 100vw, 379px\" \/><\/a><\/figure>\n","protected":false},"excerpt":{"rendered":"<p>Este a\u00f1o, los tickets se podr\u00e1n comprar solo de manera virtual y el costo es de 1000 pesos. Para asistir es necesario tener el esquema de vacunaci\u00f3n completo La venta de entradas para la Fiesta Provincial de la Cerveza est\u00e1 habilitada. De esta manera, quienes quieran adquirir su ticket pueden hacerlo&nbsp;solo de manera online en &hellip;<\/p>\n<p class=\"read-more\"> <a class=\"\" href=\"https:\/\/revistaciudad.com.ar\/web\/blog\/2021\/11\/29\/esta-habilitada-la-venta-de-entradas-para-la-fiesta-provincial-de-la-cerveza\/\"> <span class=\"screen-reader-text\">Est\u00e1 habilitada la venta de entradas para la Fiesta Provincial de la Cerveza<\/span> Leer m\u00e1s \u00bb<\/a><\/p>\n","protected":false},"author":3,"featured_media":8766,"comment_status":"open","ping_status":"open","sticky":false,"template":"","format":"standard","meta":{"_monsterinsights_skip_tracking":false,"_monsterinsights_sitenote_active":false,"_monsterinsights_sitenote_note":"","_monsterinsights_sitenote_category":0,"footnotes":""},"categories":[34],"tags":[],"class_list":["post-8762","post","type-post","status-publish","format-standard","has-post-thumbnail","hentry","category-municipio"],"_links":{"self":[{"href":"https:\/\/revistaciudad.com.ar\/web\/wp-json\/wp\/v2\/posts\/8762","targetHints":{"allow":["GET"]}}],"collection":[{"href":"https:\/\/revistaciudad.com.ar\/web\/wp-json\/wp\/v2\/posts"}],"about":[{"href":"https:\/\/revistaciudad.com.ar\/web\/wp-json\/wp\/v2\/types\/post"}],"author":[{"embeddable":true,"href":"https:\/\/revistaciudad.com.ar\/web\/wp-json\/wp\/v2\/users\/3"}],"replies":[{"embeddable":true,"href":"https:\/\/revistaciudad.com.ar\/web\/wp-json\/wp\/v2\/comments?post=8762"}],"version-history":[{"count":0,"href":"https:\/\/revistaciudad.com.ar\/web\/wp-json\/wp\/v2\/posts\/8762\/revisions"}],"wp:featuredmedia":[{"embeddable":true,"href":"https:\/\/revistaciudad.com.ar\/web\/wp-json\/wp\/v2\/media\/8766"}],"wp:attachment":[{"href":"https:\/\/revistaciudad.com.ar\/web\/wp-json\/wp\/v2\/media?parent=8762"}],"wp:term":[{"taxonomy":"category","embeddable":true,"href":"https:\/\/revistaciudad.com.ar\/web\/wp-json\/wp\/v2\/categories?post=8762"},{"taxonomy":"post_tag","embeddable":true,"href":"https:\/\/revistaciudad.com.ar\/web\/wp-json\/wp\/v2\/tags?post=8762"}],"curies":[{"name":"wp","href":"https:\/\/api.w.org\/{rel}","templated":true}]}}