{"id":8759,"date":"2021-11-29T22:48:26","date_gmt":"2021-11-29T22:48:26","guid":{"rendered":"https:\/\/revistaciudad.com.ar\/web\/?p=8759"},"modified":"2021-11-29T22:48:28","modified_gmt":"2021-11-29T22:48:28","slug":"a-partir-del-lunes-29-de-noviembre-habra-corte-total-de-transito-sobre-el-puente-de-alvarez-thomas","status":"publish","type":"post","link":"https:\/\/revistaciudad.com.ar\/web\/blog\/2021\/11\/29\/a-partir-del-lunes-29-de-noviembre-habra-corte-total-de-transito-sobre-el-puente-de-alvarez-thomas\/","title":{"rendered":"A partir del lunes 29 de noviembre habr\u00e1 corte total de tr\u00e1nsito sobre el Puente de \u00c1lvarez Thomas"},"content":{"rendered":"\n<p> <strong><em>Ser\u00e1 por un per\u00edodo de 30 d\u00edas a causa de las obras que all\u00ed se realizan. La Municipalidad solicita a quienes circulen por la zona, que elijan v\u00edas alternativas<\/em><\/strong> <\/p>\n\n\n\n<p>A partir de este<strong>&nbsp;lunes 29 de noviembre y por un per\u00edodo de 30 d\u00edas, habr\u00e1 corte total de tr\u00e1nsito sobre el Puente de \u00c1lvarez Thomas<\/strong>, en la intersecci\u00f3n con Cervantes.<\/p>\n\n\n\n<p>De esta manera, la Municipalidad solicita a quienes circulen por la zona, que elijan v\u00edas alternativas.<\/p>\n\n\n\n<p>La medida se toma como resultado de los trabajos de ampliaci\u00f3n del puente, que se realizan con el objetivo de colaborar a la fluidez vehicular y descongesti\u00f3n de la zona, especialmente en horarios pico.<\/p>\n\n\n\n<p>Adem\u00e1s de ofrecer un cruce seguro para peatones y ciclistas.<\/p>\n\n\n\n<p>Esta obra, en tanto, forma parte de un plan integral de red de ciclov\u00edas y espacios saludables ubicados desde el Parque Progreso hasta el nudo vial del Puente Olive.<\/p>\n\n\n\n<h3 class=\"wp-block-heading\">Detalles de cortes y desv\u00edos<\/h3>\n\n\n\n<ul class=\"wp-block-list\"><li><strong>Inicio:<\/strong>&nbsp;29 de noviembre<\/li><li><strong>Por 30 d\u00edas consecutivos<\/strong><\/li><li><strong>Desv\u00edo Vehicular:<\/strong><\/li><\/ul>\n\n\n\n<p>\u2013<strong>Del Puente \u00c1lvarez Thomas hacia el Sur:<\/strong>&nbsp;cruce por Puente Vergara, direcci\u00f3n Este y Oeste.<\/p>\n\n\n\n<p><strong>-Del Puente \u00c1lvarez Thomas hacia el Norte:<\/strong>&nbsp;cruce por Azopardo direcci\u00f3n Este; cruce por Rivadavia direcci\u00f3n Oeste.<\/p>\n\n\n\n<ul class=\"wp-block-list\"><li><strong>Desv\u00edo Peatonal:&nbsp;<\/strong>cruce por el puente peatonal ubicado en Rep\u00fablica del L\u00edbano y V\u00e9rtiz, a 70 metros de \u00c1lvarez Thomas.<\/li><\/ul>\n\n\n\n<figure class=\"wp-block-image is-resized\"><img fetchpriority=\"high\" decoding=\"async\" src=\"https:\/\/www.godoycruz.gob.ar\/wp-content\/uploads\/2021\/11\/mapa-corte-de-transito-alvarez-thomas-por-30-d%C3%ADas.jpg\" alt=\"\" width=\"690\" height=\"690\" \/><\/figure>\n","protected":false},"excerpt":{"rendered":"<p>Ser\u00e1 por un per\u00edodo de 30 d\u00edas a causa de las obras que all\u00ed se realizan. La Municipalidad solicita a quienes circulen por la zona, que elijan v\u00edas alternativas A partir de este&nbsp;lunes 29 de noviembre y por un per\u00edodo de 30 d\u00edas, habr\u00e1 corte total de tr\u00e1nsito sobre el Puente de \u00c1lvarez Thomas, en &hellip;<\/p>\n<p class=\"read-more\"> <a class=\"\" href=\"https:\/\/revistaciudad.com.ar\/web\/blog\/2021\/11\/29\/a-partir-del-lunes-29-de-noviembre-habra-corte-total-de-transito-sobre-el-puente-de-alvarez-thomas\/\"> <span class=\"screen-reader-text\">A partir del lunes 29 de noviembre habr\u00e1 corte total de tr\u00e1nsito sobre el Puente de \u00c1lvarez Thomas<\/span> Leer m\u00e1s \u00bb<\/a><\/p>\n","protected":false},"author":3,"featured_media":8760,"comment_status":"open","ping_status":"open","sticky":false,"template":"","format":"standard","meta":{"_monsterinsights_skip_tracking":false,"_monsterinsights_sitenote_active":false,"_monsterinsights_sitenote_note":"","_monsterinsights_sitenote_category":0,"footnotes":""},"categories":[34],"tags":[],"class_list":["post-8759","post","type-post","status-publish","format-standard","has-post-thumbnail","hentry","category-municipio"],"_links":{"self":[{"href":"https:\/\/revistaciudad.com.ar\/web\/wp-json\/wp\/v2\/posts\/8759","targetHints":{"allow":["GET"]}}],"collection":[{"href":"https:\/\/revistaciudad.com.ar\/web\/wp-json\/wp\/v2\/posts"}],"about":[{"href":"https:\/\/revistaciudad.com.ar\/web\/wp-json\/wp\/v2\/types\/post"}],"author":[{"embeddable":true,"href":"https:\/\/revistaciudad.com.ar\/web\/wp-json\/wp\/v2\/users\/3"}],"replies":[{"embeddable":true,"href":"https:\/\/revistaciudad.com.ar\/web\/wp-json\/wp\/v2\/comments?post=8759"}],"version-history":[{"count":0,"href":"https:\/\/revistaciudad.com.ar\/web\/wp-json\/wp\/v2\/posts\/8759\/revisions"}],"wp:featuredmedia":[{"embeddable":true,"href":"https:\/\/revistaciudad.com.ar\/web\/wp-json\/wp\/v2\/media\/8760"}],"wp:attachment":[{"href":"https:\/\/revistaciudad.com.ar\/web\/wp-json\/wp\/v2\/media?parent=8759"}],"wp:term":[{"taxonomy":"category","embeddable":true,"href":"https:\/\/revistaciudad.com.ar\/web\/wp-json\/wp\/v2\/categories?post=8759"},{"taxonomy":"post_tag","embeddable":true,"href":"https:\/\/revistaciudad.com.ar\/web\/wp-json\/wp\/v2\/tags?post=8759"}],"curies":[{"name":"wp","href":"https:\/\/api.w.org\/{rel}","templated":true}]}}