{"id":8051,"date":"2021-10-04T19:09:14","date_gmt":"2021-10-04T19:09:14","guid":{"rendered":"https:\/\/revistaciudad.com.ar\/web\/?p=8051"},"modified":"2021-10-04T19:09:16","modified_gmt":"2021-10-04T19:09:16","slug":"vuelve-la-legendaria-banda-salsa-blanca","status":"publish","type":"post","link":"https:\/\/revistaciudad.com.ar\/web\/blog\/2021\/10\/04\/vuelve-la-legendaria-banda-salsa-blanca\/","title":{"rendered":"Vuelve la legendaria banda Salsa Blanca"},"content":{"rendered":"\n<p><strong>El pr\u00f3ximo domingo 10 de octubre es la fecha elegida para que el grupo retorne a los escenarios. El tel\u00f3n del Teatro Plaza se abrir\u00e1 a las 21:30 horas para disfrutar de una noche imperdible, donde se recordar\u00e1 a Mario Matar, uno de sus fundadores. &nbsp;<\/strong><\/p>\n\n\n\n<figure class=\"wp-block-image\"><img decoding=\"async\" src=\"https:\/\/www.godoycruz.gob.ar\/wp-content\/uploads\/2021\/09\/242873935_2121572854665648_2937453822507933932_n.png\" alt=\"\" \/><\/figure>\n\n\n\n<p>La banda pionera de la escena salsera mendocina vuelve a las tablas para homenajear a uno de sus creadores, el genial guitarrista Mario Matar, quien es considerado uno de los mayores referentes de la m\u00fasica local.<\/p>\n\n\n\n<p>Los tickets para vivir esta fiesta musical para el recuerdo ya est\u00e1n a la venta.<\/p>\n\n\n\n<p>Se pueden adquirir en la boleter\u00eda del teatro, de lunes a viernes de 8:30 a 14:00 horas o por internet, en&nbsp;<a href=\"https:\/\/l.facebook.com\/l.php?u=https%3A%2F%2Fbit.ly%2FEntradasSalsaBlanca%3Ffbclid%3DIwAR0zEI3vGqydq_xu2NgdmVkVXzOEdshYL4yiQW5N3Z_8rkFjtbyDLbHYt7Q&amp;h=AT2l00Gg6zSx9YSTlH85H2ayX_PF0rnsOWsvV4YRyAhkYndmA1TmhGE73bU-L4RUT808uUsEMecVw1lnJ17ZhYYEbxXczNMtlDfuCIM4-0bXg8XiwHQbf0fi_ti9vXYATmc&amp;__tn__=-UK-R&amp;c%5b0%5d=AT01uXNKlG1FMr0abcZbXFqAXCi1jaKFHcFK7uco-HwBW0RlQNANYG526dpU1Ip-waPwiyty7RQhJbcQzWnZGUSnBKv9tUao7mbQXc2MO-i61kldHxHaiGwAhMJuVWEfOqZS45t-gw-b2ZttrYcxJevTTw\">https:\/\/bit.ly\/EntradasSalsaBlanca<\/a>.<\/p>\n\n\n\n<p>Los cupos son limitados. Se solicita traer y conservar el tapabocas durante todo el espect\u00e1culo y respetar las medidas sanitarias pertinentes.<\/p>\n\n\n\n<figure class=\"wp-block-image\"><img decoding=\"async\" src=\"https:\/\/www.godoycruz.gob.ar\/wp-content\/uploads\/2021\/09\/Salsa-Blanca-web.jpg\" alt=\"\" \/><\/figure>\n\n\n\n<h2 class=\"wp-block-heading\"><strong>Nostalgia y buena m\u00fasica llegan con el regreso de Salsa Blanca<\/strong><\/h2>\n\n\n\n<p>En este hist\u00f3rico retorno se unir\u00e1n los miembros de la formaci\u00f3n y se sumar\u00e1n grandes instrumentistas, para que el p\u00fablico pueda recordar los inolvidables temas del ensamble.<\/p>\n\n\n\n<p>De esta manera, el escenario mayor de Godoy Cruz se volver\u00e1 a encender con el talento de Fernando \u201cCh\u00e9vere\u201d Ram\u00edrez\u201d como la voz l\u00edder, Gabo Correa, Ricky Bujald\u00f3n, Pipi Morgui, Facundo Guevara, Edu Ord\u00f3\u00f1ez y Pepe S\u00e1nchez.<\/p>\n\n\n\n<p>A este seleccionado se sumar\u00e1n, como invitados especiales, Silvio Oropel, Luis Cheo Rojas y el guitarrista Felipe Staiti.<\/p>\n\n\n\n<figure class=\"wp-block-image\"><img decoding=\"async\" src=\"https:\/\/www.godoycruz.gob.ar\/wp-content\/uploads\/2021\/09\/Ordo%C3%B1ez-2-web.jpg\" alt=\"\" \/><\/figure>\n\n\n\n<h2 class=\"wp-block-heading\"><strong>Sonidos con historia<\/strong><\/h2>\n\n\n\n<p>A fines de la d\u00e9cada de los 80 naci\u00f3 en nuestra provincia la banda Salsa Blanca. Luego de una intensa presencia en diversos escenarios locales cruz\u00f3 las fronteras para realizar exitosas giras en Buenos Aires, Chile, Italia, Suiza y Francia.<\/p>\n\n\n\n<p>Sus dos discos fueron editados originalmente en Argentina y Chile, con reediciones internacionales disponibles en las principales plataformas digitales.<\/p>\n\n\n\n<p>Desde fines de los 90, sus integrantes continuaron sus carreras junto a otros proyectos art\u00edsticos.<\/p>\n\n\n\n<p>Sin embargo, luego de la desaparici\u00f3n f\u00edsica de Mario M\u00e1tar en 2017, decidieron reunirse para recordar y homenajear a quien fuera su compa\u00f1ero, amigo y pilar fundamental de Salsa Blanca<\/p>\n","protected":false},"excerpt":{"rendered":"<p>El pr\u00f3ximo domingo 10 de octubre es la fecha elegida para que el grupo retorne a los escenarios. El tel\u00f3n del Teatro Plaza se abrir\u00e1 a las 21:30 horas para disfrutar de una noche imperdible, donde se recordar\u00e1 a Mario Matar, uno de sus fundadores. &nbsp; La banda pionera de la escena salsera mendocina vuelve &hellip;<\/p>\n<p class=\"read-more\"> <a class=\"\" href=\"https:\/\/revistaciudad.com.ar\/web\/blog\/2021\/10\/04\/vuelve-la-legendaria-banda-salsa-blanca\/\"> <span class=\"screen-reader-text\">Vuelve la legendaria banda Salsa Blanca<\/span> Leer m\u00e1s \u00bb<\/a><\/p>\n","protected":false},"author":3,"featured_media":8052,"comment_status":"open","ping_status":"open","sticky":false,"template":"","format":"standard","meta":{"_monsterinsights_skip_tracking":false,"_monsterinsights_sitenote_active":false,"_monsterinsights_sitenote_note":"","_monsterinsights_sitenote_category":0,"footnotes":""},"categories":[34],"tags":[],"class_list":["post-8051","post","type-post","status-publish","format-standard","has-post-thumbnail","hentry","category-municipio"],"_links":{"self":[{"href":"https:\/\/revistaciudad.com.ar\/web\/wp-json\/wp\/v2\/posts\/8051","targetHints":{"allow":["GET"]}}],"collection":[{"href":"https:\/\/revistaciudad.com.ar\/web\/wp-json\/wp\/v2\/posts"}],"about":[{"href":"https:\/\/revistaciudad.com.ar\/web\/wp-json\/wp\/v2\/types\/post"}],"author":[{"embeddable":true,"href":"https:\/\/revistaciudad.com.ar\/web\/wp-json\/wp\/v2\/users\/3"}],"replies":[{"embeddable":true,"href":"https:\/\/revistaciudad.com.ar\/web\/wp-json\/wp\/v2\/comments?post=8051"}],"version-history":[{"count":0,"href":"https:\/\/revistaciudad.com.ar\/web\/wp-json\/wp\/v2\/posts\/8051\/revisions"}],"wp:featuredmedia":[{"embeddable":true,"href":"https:\/\/revistaciudad.com.ar\/web\/wp-json\/wp\/v2\/media\/8052"}],"wp:attachment":[{"href":"https:\/\/revistaciudad.com.ar\/web\/wp-json\/wp\/v2\/media?parent=8051"}],"wp:term":[{"taxonomy":"category","embeddable":true,"href":"https:\/\/revistaciudad.com.ar\/web\/wp-json\/wp\/v2\/categories?post=8051"},{"taxonomy":"post_tag","embeddable":true,"href":"https:\/\/revistaciudad.com.ar\/web\/wp-json\/wp\/v2\/tags?post=8051"}],"curies":[{"name":"wp","href":"https:\/\/api.w.org\/{rel}","templated":true}]}}