{"id":8047,"date":"2021-10-04T19:07:35","date_gmt":"2021-10-04T19:07:35","guid":{"rendered":"https:\/\/revistaciudad.com.ar\/web\/?p=8047"},"modified":"2021-10-04T19:07:38","modified_gmt":"2021-10-04T19:07:38","slug":"mujer-notable-godoy-cruz-2021-distinguieron-a-julia-beron-y-celia-tejerina","status":"publish","type":"post","link":"https:\/\/revistaciudad.com.ar\/web\/blog\/2021\/10\/04\/mujer-notable-godoy-cruz-2021-distinguieron-a-julia-beron-y-celia-tejerina\/","title":{"rendered":"Mujer Notable Godoy Cruz 2021: distinguieron a Julia Ber\u00f3n y Celia Tejerina"},"content":{"rendered":"\n<p> <em><strong>Se realiz\u00f3 una sesi\u00f3n especial en el Concejo Deliberante donde se reconoci\u00f3 la labor de estas mendocinas.<\/strong><\/em> <\/p>\n\n\n\n<p>Este mi\u00e9rcoles 30 de septiembre se realiz\u00f3 una sesi\u00f3n especial en el<strong>&nbsp;Concejo Deliberante.<\/strong><\/p>\n\n\n\n<p>En esta oportunidad se entregaron las distinciones de<strong>&nbsp;Mujer Notable del departamento de 2021.<\/strong><\/p>\n\n\n\n<p>Cada a\u00f1o&nbsp;<strong>Godoy Cruz<\/strong>&nbsp;reconoce a personas que se auto perciben como mujeres, que realicen o hayan realizado sus actividades en acciones solidarias de contenido social, deportivo y\/o profesional, en todos los \u00e1mbitos (art\u00edstico, educacional, ambiental y\/o cultural) y que contribuyan a la construcci\u00f3n colectiva del Departamento.<\/p>\n\n\n\n<p>Uno de los reconocimientos fue para&nbsp;<strong>Julia Alba Elvira Ber\u00f3n<\/strong>, una mujer que dedic\u00f3 su vida a la docencia y a la cultura de Mendoza.<\/p>\n\n\n\n<p>El otro fue para&nbsp;<strong>Mar\u00eda Celia Tejerina Mackern<\/strong>, la windsurfista que representa a la provincia y que tambi\u00e9n defiende los colores de Argentina.<\/p>\n\n\n\n<p>Mediante la ordenanza 5585\/08 el Municipio reconoce las acciones solidarias, deportivas, sociales, profesionales o culturales de las mujeres del departamento.<\/p>\n\n\n\n<ul class=\"wp-block-list\"><li><a href=\"https:\/\/www.godoycruz.gob.ar\/wp-content\/uploads\/2021\/09\/Mujer-Notable-GC-2021.1.jpeg\"><\/a><\/li><li class=\"\"><a href=\"https:\/\/www.godoycruz.gob.ar\/wp-content\/uploads\/2021\/09\/Mujer-Notable-GC-2021.2.jpeg\"><\/a><\/li><li class=\"\"><a href=\"https:\/\/www.godoycruz.gob.ar\/wp-content\/uploads\/2021\/09\/Mujer-Notable-GC-2021.3.jpeg\"><\/a><\/li><li class=\"\"><a href=\"https:\/\/www.godoycruz.gob.ar\/wp-content\/uploads\/2021\/09\/Mujer-Notable-GC-2021.4.jpeg\"><\/a><\/li><li class=\"\"><a href=\"https:\/\/www.godoycruz.gob.ar\/wp-content\/uploads\/2021\/09\/Mujer-Notable-GC-2021.5.jpeg\"><\/a><\/li><li class=\"\"><a href=\"https:\/\/www.godoycruz.gob.ar\/wp-content\/uploads\/2021\/09\/Mujer-Notable-GC-2021.6.jpeg\"><\/a><\/li><\/ul>\n\n\n\n<ol class=\"wp-block-list\"><li><a>1<\/a><\/li><li><a class=\"\">2<\/a><\/li><li><a class=\"\">3<\/a><\/li><li><a class=\"\">4<\/a><\/li><li><a class=\"\">5<\/a><\/li><li><a class=\"\">6<\/a><\/li><\/ol>\n\n\n\n<ul class=\"wp-block-list\"><li><a href=\"https:\/\/www.godoycruz.gob.ar\/mujer-notable-godoy-cruz-2021-distinguieron-julia-beron-celia-tejerina\/#\">Previous<\/a><\/li><li><a href=\"https:\/\/www.godoycruz.gob.ar\/mujer-notable-godoy-cruz-2021-distinguieron-julia-beron-celia-tejerina\/#\">Next<\/a><\/li><\/ul>\n\n\n\n<h2 class=\"wp-block-heading\">Mujeres notables 2021<\/h2>\n\n\n\n<p><strong>Julia Ber\u00f3n<\/strong>&nbsp;despleg\u00f3 una incansable acci\u00f3n en el \u00e1mbito docente y en organizaciones de la sociedad civil.<\/p>\n\n\n\n<p>Fue directora de Educaci\u00f3n de la municipalidad por solicitud de los docentes.<\/p>\n\n\n\n<p>Adem\u00e1s, fue presidente de la Asociaci\u00f3n de Mujeres de Negocios y Profesionales de Godoy Cruz.<\/p>\n\n\n\n<p>La docente recorri\u00f3 el barrio La Gloria junto al Padre Contreras con quien escribi\u00f3 y expuso el trabajo \u201cLa mujer en el hogar\u201d.<\/p>\n\n\n\n<p>Tambi\u00e9n organiz\u00f3 el Primer Simposio de Jardines Maternales desde la comuna.<\/p>\n\n\n\n<p>Realiz\u00f3 una labor educativa y evangelizadora en los Barrancos.<\/p>\n\n\n\n<p>Cre\u00f3 la Asociaci\u00f3n Sanmartiniana de Godoy Cruz.<\/p>\n\n\n\n<p>Actualmente es miembro de la comisi\u00f3n directiva de la Junta de Estudios Hist\u00f3ricos de Godoy Cruz.<\/p>\n\n\n\n<p><strong>Celia Tejerina<\/strong>&nbsp;windsurfista mendocina que forma parte del equipo nacional.<\/p>\n\n\n\n<p>Fue la primera deportista argentina en lograr medalla plateada en Windsurf en un Juego Panamericano.<\/p>\n\n\n\n<p>Es la primera mendocina en representar al pa\u00eds en un Juego Ol\u00edmpico en la categor\u00eda de Yachting RS:X.<\/p>\n\n\n\n<p>Celia fue campeona Sudamericana 2020 y 2019. Fue subcampeona en el 2018 y finaliz\u00f3 tercera en el 2017.<\/p>\n\n\n\n<p>La godoicruce\u00f1a se coron\u00f3 5 veces campeona Argentina de la categor\u00eda RS:X.<\/p>\n\n\n\n<p>Represent\u00f3 a Argentina en los Juegos Panamericanos de Toronto 2015 (4\u00ba puesto) y de Lima 2019 (2\u00ba puesto).<\/p>\n\n\n\n<p>Particip\u00f3 de los Juegos Ol\u00edmpicos de R\u00edo de Janeiro 2016 (21\u00ba puesto) y de Tokio que se realizaron en el 2021 (22\u00ba puesto).<\/p>\n\n\n\n<figure class=\"wp-block-embed-youtube wp-block-embed is-type-video is-provider-youtube wp-embed-aspect-16-9 wp-has-aspect-ratio\"><div class=\"wp-block-embed__wrapper\">\n<div class=\"ast-oembed-container\"><iframe title=\"Sesi\u00f3n Especial \u201cMUJER NOTABLE&quot; 2021\" width=\"500\" height=\"281\" src=\"https:\/\/www.youtube.com\/embed\/OoSWO_Y0iEY?feature=oembed\" frameborder=\"0\" allow=\"accelerometer; autoplay; clipboard-write; encrypted-media; gyroscope; picture-in-picture; web-share\" referrerpolicy=\"strict-origin-when-cross-origin\" allowfullscreen><\/iframe><\/div>\n<\/div><\/figure>\n","protected":false},"excerpt":{"rendered":"<p>Se realiz\u00f3 una sesi\u00f3n especial en el Concejo Deliberante donde se reconoci\u00f3 la labor de estas mendocinas. Este mi\u00e9rcoles 30 de septiembre se realiz\u00f3 una sesi\u00f3n especial en el&nbsp;Concejo Deliberante. En esta oportunidad se entregaron las distinciones de&nbsp;Mujer Notable del departamento de 2021. Cada a\u00f1o&nbsp;Godoy Cruz&nbsp;reconoce a personas que se auto perciben como mujeres, que &hellip;<\/p>\n<p class=\"read-more\"> <a class=\"\" href=\"https:\/\/revistaciudad.com.ar\/web\/blog\/2021\/10\/04\/mujer-notable-godoy-cruz-2021-distinguieron-a-julia-beron-y-celia-tejerina\/\"> <span class=\"screen-reader-text\">Mujer Notable Godoy Cruz 2021: distinguieron a Julia Ber\u00f3n y Celia Tejerina<\/span> Leer m\u00e1s \u00bb<\/a><\/p>\n","protected":false},"author":3,"featured_media":8048,"comment_status":"open","ping_status":"open","sticky":false,"template":"","format":"standard","meta":{"_monsterinsights_skip_tracking":false,"_monsterinsights_sitenote_active":false,"_monsterinsights_sitenote_note":"","_monsterinsights_sitenote_category":0,"footnotes":""},"categories":[34],"tags":[],"class_list":["post-8047","post","type-post","status-publish","format-standard","has-post-thumbnail","hentry","category-municipio"],"_links":{"self":[{"href":"https:\/\/revistaciudad.com.ar\/web\/wp-json\/wp\/v2\/posts\/8047","targetHints":{"allow":["GET"]}}],"collection":[{"href":"https:\/\/revistaciudad.com.ar\/web\/wp-json\/wp\/v2\/posts"}],"about":[{"href":"https:\/\/revistaciudad.com.ar\/web\/wp-json\/wp\/v2\/types\/post"}],"author":[{"embeddable":true,"href":"https:\/\/revistaciudad.com.ar\/web\/wp-json\/wp\/v2\/users\/3"}],"replies":[{"embeddable":true,"href":"https:\/\/revistaciudad.com.ar\/web\/wp-json\/wp\/v2\/comments?post=8047"}],"version-history":[{"count":0,"href":"https:\/\/revistaciudad.com.ar\/web\/wp-json\/wp\/v2\/posts\/8047\/revisions"}],"wp:featuredmedia":[{"embeddable":true,"href":"https:\/\/revistaciudad.com.ar\/web\/wp-json\/wp\/v2\/media\/8048"}],"wp:attachment":[{"href":"https:\/\/revistaciudad.com.ar\/web\/wp-json\/wp\/v2\/media?parent=8047"}],"wp:term":[{"taxonomy":"category","embeddable":true,"href":"https:\/\/revistaciudad.com.ar\/web\/wp-json\/wp\/v2\/categories?post=8047"},{"taxonomy":"post_tag","embeddable":true,"href":"https:\/\/revistaciudad.com.ar\/web\/wp-json\/wp\/v2\/tags?post=8047"}],"curies":[{"name":"wp","href":"https:\/\/api.w.org\/{rel}","templated":true}]}}