{"id":8044,"date":"2021-10-04T19:05:55","date_gmt":"2021-10-04T19:05:55","guid":{"rendered":"https:\/\/revistaciudad.com.ar\/web\/?p=8044"},"modified":"2021-10-04T19:05:58","modified_gmt":"2021-10-04T19:05:58","slug":"se-plantaron-20-arboles-tras-una-jornada-de-sensibilizacion-ambiental","status":"publish","type":"post","link":"https:\/\/revistaciudad.com.ar\/web\/blog\/2021\/10\/04\/se-plantaron-20-arboles-tras-una-jornada-de-sensibilizacion-ambiental\/","title":{"rendered":"Se plantaron 20 \u00e1rboles tras una jornada de sensibilizaci\u00f3n ambiental"},"content":{"rendered":"\n<p> <em><strong>La Municipalidad, Irrigaci\u00f3n, Coca Cola, Circa, APS y Universitario Rugby Club avanzaron en una acci\u00f3n conjunta para concientizar sobre la importancia de no tirar residuos a los cauces<\/strong><\/em> <\/p>\n\n\n\n<p>\u201c<strong>Las acciones m\u00e1s significativas son las que se hacen en conjunto<\/strong>, con organizaciones, con empresas, con vecinos\u201d, dijo&nbsp;<strong>Tadeo Garc\u00eda Zalazar<\/strong>&nbsp;luego de la&nbsp;<strong>plantaci\u00f3n de 20 \u00e1rboles en Godoy Cruz<\/strong>.<\/p>\n\n\n\n<p>Espec\u00edficamente se colocaron en el carril Cervantes, entre \u00c1lvarez Thomas y Puente Olive.<\/p>\n\n\n\n<p>Se trat\u00f3, en este caso, de una acci\u00f3n entre la Municipalidad, el Departamento General de Irrigaci\u00f3n, las firmas Andina Coca Cola, Circa, APS y Universitario Rugby Club.<\/p>\n\n\n\n<p>Adem\u00e1s, el Intendente destac\u00f3 que \u201cnecesitamos que las acciones para el cuidado del ambiente sean cada vez m\u00e1s, que se repliquen y se sostengan en el tiempo\u201d.<\/p>\n\n\n\n<p>Mientras tanto, la actividad fue el cierre de una serie de tareas de capacitaci\u00f3n y sensibilizaci\u00f3n respecto.<\/p>\n\n\n\n<p>Tambi\u00e9n culmin\u00f3 el pasado mi\u00e9rcoles la extracci\u00f3n de RSU (residuos s\u00f3lidos urbanos) del canal Jarillal- Civit.<\/p>\n\n\n\n<h3 class=\"wp-block-heading\">La importancia de sumar conciencia<\/h3>\n\n\n\n<p>Fernando Santos, jefe de la Subdelegaci\u00f3n del R\u00edo Mendoza (Irrigaci\u00f3n) habl\u00f3 de \u201cla importancia sumarse para llevar conciencia a la poblaci\u00f3n sobre el vuelco de residuos s\u00f3lidos a los cauces, que termina provocando una gran contaminaci\u00f3n\u201d<\/p>\n\n\n\n<p>Por \u00faltimo, Daniel Ortiz, gerente de la empresa Coca Cola, analiz\u00f3: \u201cEsta actividad tiene una importancia muy relevante\u201d.<\/p>\n\n\n\n<p>Y record\u00f3 que desde esa compa\u00f1\u00eda \u201cimpulsamos de manera permanente este tipo de acciones\u201d.<\/p>\n\n\n\n<p>\u201cTodas las actividades tienen su impacto en el ambiente y este tipo de medidas siempre son necesarias\u201d, cerr\u00f3.<\/p>\n\n\n\n<figure class=\"wp-block-image\"><img decoding=\"async\" src=\"https:\/\/www.godoycruz.gob.ar\/wp-content\/uploads\/2021\/09\/plantacion-de-arboles-calle-cervantes.jpg\" alt=\"\" \/><\/figure>\n\n\n\n<h3 class=\"wp-block-heading\">Avanza la plantaci\u00f3n de \u00e1rboles<\/h3>\n\n\n\n<p>Con estos 20, ya&nbsp;<strong>son m\u00e1s de 1400 los \u00e1rboles plantados durante 2021.<\/strong><\/p>\n\n\n\n<p>Entonces, bajo la consigna&nbsp;<strong><em>Plantemos futuro en Godoy Cruz<\/em><\/strong>,&nbsp;se sigue avanzando en la forestaci\u00f3n.<\/p>\n\n\n\n<p>El objetivo, en tanto,<strong>&nbsp;es llegar a fin de a\u00f1o a los 5 mil.<\/strong><\/p>\n","protected":false},"excerpt":{"rendered":"<p>La Municipalidad, Irrigaci\u00f3n, Coca Cola, Circa, APS y Universitario Rugby Club avanzaron en una acci\u00f3n conjunta para concientizar sobre la importancia de no tirar residuos a los cauces \u201cLas acciones m\u00e1s significativas son las que se hacen en conjunto, con organizaciones, con empresas, con vecinos\u201d, dijo&nbsp;Tadeo Garc\u00eda Zalazar&nbsp;luego de la&nbsp;plantaci\u00f3n de 20 \u00e1rboles en Godoy &hellip;<\/p>\n<p class=\"read-more\"> <a class=\"\" href=\"https:\/\/revistaciudad.com.ar\/web\/blog\/2021\/10\/04\/se-plantaron-20-arboles-tras-una-jornada-de-sensibilizacion-ambiental\/\"> <span class=\"screen-reader-text\">Se plantaron 20 \u00e1rboles tras una jornada de sensibilizaci\u00f3n ambiental<\/span> Leer m\u00e1s \u00bb<\/a><\/p>\n","protected":false},"author":3,"featured_media":8045,"comment_status":"open","ping_status":"open","sticky":false,"template":"","format":"standard","meta":{"_monsterinsights_skip_tracking":false,"_monsterinsights_sitenote_active":false,"_monsterinsights_sitenote_note":"","_monsterinsights_sitenote_category":0,"footnotes":""},"categories":[34],"tags":[],"class_list":["post-8044","post","type-post","status-publish","format-standard","has-post-thumbnail","hentry","category-municipio"],"_links":{"self":[{"href":"https:\/\/revistaciudad.com.ar\/web\/wp-json\/wp\/v2\/posts\/8044","targetHints":{"allow":["GET"]}}],"collection":[{"href":"https:\/\/revistaciudad.com.ar\/web\/wp-json\/wp\/v2\/posts"}],"about":[{"href":"https:\/\/revistaciudad.com.ar\/web\/wp-json\/wp\/v2\/types\/post"}],"author":[{"embeddable":true,"href":"https:\/\/revistaciudad.com.ar\/web\/wp-json\/wp\/v2\/users\/3"}],"replies":[{"embeddable":true,"href":"https:\/\/revistaciudad.com.ar\/web\/wp-json\/wp\/v2\/comments?post=8044"}],"version-history":[{"count":0,"href":"https:\/\/revistaciudad.com.ar\/web\/wp-json\/wp\/v2\/posts\/8044\/revisions"}],"wp:featuredmedia":[{"embeddable":true,"href":"https:\/\/revistaciudad.com.ar\/web\/wp-json\/wp\/v2\/media\/8045"}],"wp:attachment":[{"href":"https:\/\/revistaciudad.com.ar\/web\/wp-json\/wp\/v2\/media?parent=8044"}],"wp:term":[{"taxonomy":"category","embeddable":true,"href":"https:\/\/revistaciudad.com.ar\/web\/wp-json\/wp\/v2\/categories?post=8044"},{"taxonomy":"post_tag","embeddable":true,"href":"https:\/\/revistaciudad.com.ar\/web\/wp-json\/wp\/v2\/tags?post=8044"}],"curies":[{"name":"wp","href":"https:\/\/api.w.org\/{rel}","templated":true}]}}