{"id":8041,"date":"2021-10-04T19:04:25","date_gmt":"2021-10-04T19:04:25","guid":{"rendered":"https:\/\/revistaciudad.com.ar\/web\/?p=8041"},"modified":"2021-10-04T19:04:27","modified_gmt":"2021-10-04T19:04:27","slug":"nonpalidece-agrega-una-nueva-funcion-en-el-teatro-plaza","status":"publish","type":"post","link":"https:\/\/revistaciudad.com.ar\/web\/blog\/2021\/10\/04\/nonpalidece-agrega-una-nueva-funcion-en-el-teatro-plaza\/","title":{"rendered":"Nonpalidece agrega una nueva funci\u00f3n en el Teatro Plaza"},"content":{"rendered":"\n<p><strong>Luego de agotar su primera fecha en Godoy Cruz<\/strong><strong>, prevista para el&nbsp;viernes 1 de octubre,&nbsp;Nonpalidece&nbsp;anuncia una segunda funci\u00f3n el&nbsp;s\u00e1bado 2. La apertura de puertas de la sala ser\u00e1 a las 21:00 horas.<\/strong><\/p>\n\n\n\n<p>Esta visita de la banda a Mendoza coincidir\u00e1 con el lanzamiento de \u201cNonpalidece\u201d su sexto disco de estudio, el cual ver\u00e1 la luz el pr\u00f3ximo viernes.<\/p>\n\n\n\n<figure class=\"wp-block-image\"><img decoding=\"async\" src=\"https:\/\/www.godoycruz.gob.ar\/wp-content\/uploads\/2021\/09\/NONPA_TAPA_2021-web.jpg\" alt=\"\" \/><\/figure>\n\n\n\n<p>Las entradas ya est\u00e1n a la venta y los puntos de compra &nbsp;ser\u00e1n la boleter\u00eda del mismo teatro, de lunes a viernes de 8:30 a 14:00 y por&nbsp;<a href=\"https:\/\/l.facebook.com\/l.php?u=https%3A%2F%2Fbit.ly%2FEntradasNonpalidece2%3Ffbclid%3DIwAR35zTv40jZxQ-fhhQMLmSp0j3nCne_5soDqvzX9Bv00OqRkqGZ7jPQ5Iq4&amp;h=AT28kIIvKwB3S3-WtKOKZMaxQPRg_1bGSVjNgv8EHAOmlpSZCwm2UMpupc_hqG9IdF06uBUdcMu0HlMrs0i5lYiw2io4Z4UC5uhQ8247BXB66GTRaxiGRKeiOE7gu0vWiN8&amp;__tn__=-UK-R&amp;c%5b0%5d=AT3w3txoS9PapZSbHPMu0D6UDYX-q3j_M3FsqQULqgwvam1ENE6SyJCdDgA3es6pxJXuiU6bbnS6CkKVHdYYtdNsAYdcEpFDE1z0bVbqAnQFNfC8hMz0_nbC6kmgtmEBKcALX-Y788tFNqfnXcn1DpimvCK8DB_PU_tkjtyrhOpFyV9PjTJXhgAmOleekyqyveBaKhVO\">bit.ly\/EntradasNonpalidece2<\/a>.<\/p>\n\n\n\n<p>Tambi\u00e9n estar\u00e1n disponibles en Mantis Paradise&nbsp;(Galer\u00eda Independencia, L 32, Ciudad), Happy Farm Grow&nbsp;(San Mart\u00edn 1269, Godoy Cruz) y Siempre Deportes&nbsp;(Serpa 392, Luj\u00e1n).<\/p>\n\n\n\n<h3 class=\"wp-block-heading\"><strong>Nonpalidece presenta su sexto disco de estudio hom\u00f3nimo<\/strong><\/h3>\n\n\n\n<p>Reafirmando el camino recorrido como banda desde hace ya&nbsp;25 a\u00f1os,&nbsp;su&nbsp;nuevo \u00e1lbum estar\u00e1 disponible en todas las plataformas digitales, a partir del 1\u00ba de octubre de este a\u00f1o.<\/p>\n\n\n\n<p>Este nuevo trabajo fue&nbsp;compuesto y producido en pandemia, con encuentros reducidos y desde la distancia.<\/p>\n\n\n\n<p>Aun as\u00ed es un disco que&nbsp;refleja fielmente la esencia del grupo.&nbsp;Grabado en su sala-estudio de Tigre por Adrian Pagliano y mezclado en Limonhero por Marcelo Masceti, \u201cNonpalidece\u201d cuenta con 10 temas y ya hubo dos adelantos:&nbsp;\u201cSlogan\u201d y&nbsp;\u201cVuela Alto\u201d.<\/p>\n\n\n\n<figure class=\"wp-block-image\"><img decoding=\"async\" src=\"https:\/\/www.godoycruz.gob.ar\/wp-content\/uploads\/2021\/09\/NONPA_PRENSA_2021_GALLO_BLUGUERMAMANN-31-web.jpg\" alt=\"\" \/><\/figure>\n\n\n\n<p>Como resultado, este es un disco de reggae directo, contundente, de canciones urgentes e historias para contar; con el sello de Nonpalidece y b\u00fasquedas completamente nuevas.<\/p>\n\n\n\n<p>\u201cCon este disco venimos a contarle a la gente que Nonpalidece es una usina de alta vibraci\u00f3n sonora y l\u00edrica que propone y act\u00faa. Van a bailar y van a cantar porque el reggae por el barrio hace bien y es necesario\u201d, detallan los m\u00fasicos.<\/p>\n\n\n\n<h3 class=\"wp-block-heading\"><strong>Dos d\u00e9cadas y media con la m\u00fasica en alto<\/strong><\/h3>\n\n\n\n<p>Formada a mediados de los a\u00f1os 90, los primeros pasos de la banda tienen que ver con la b\u00fasqueda de su sonido y la consolidaci\u00f3n de su formaci\u00f3n.<\/p>\n\n\n\n<figure class=\"wp-block-image\"><img decoding=\"async\" src=\"https:\/\/www.godoycruz.gob.ar\/wp-content\/uploads\/2021\/09\/NONPA_STUART_PRENSA-1-web.jpg\" alt=\"\" \/><\/figure>\n\n\n\n<p>Nonpalidece sigue&nbsp;conservando su formaci\u00f3n original, integrada por N\u00e9stor Ramljak&nbsp;en voz,&nbsp;Facundo Cimas (bajo),&nbsp;Germ\u00e1n Bonilla (bater\u00eda),&nbsp;Bruno Signaroli (guitarra),&nbsp;Agust\u00edn Azubel (saxo tenor),&nbsp;Mart\u00edn Mortola (teclado) y&nbsp;Ariel Sciacaluga (percusi\u00f3n).<\/p>\n\n\n\n<p>Llevan editados&nbsp;los discos \u201cDread al control\u201d,&nbsp;\u201cNuevo D\u00eda\u201d,&nbsp;\u201cHagan correr la voz\u201d,&nbsp;\u201cEl fuego en nosotros\u201d,&nbsp;\u201cActivistas\u201d y los vivos&nbsp;\u201cNonpalidesenchufado\u201d y&nbsp;\u201cLiving Memory\u201d.<\/p>\n","protected":false},"excerpt":{"rendered":"<p>Luego de agotar su primera fecha en Godoy Cruz, prevista para el&nbsp;viernes 1 de octubre,&nbsp;Nonpalidece&nbsp;anuncia una segunda funci\u00f3n el&nbsp;s\u00e1bado 2. La apertura de puertas de la sala ser\u00e1 a las 21:00 horas. Esta visita de la banda a Mendoza coincidir\u00e1 con el lanzamiento de \u201cNonpalidece\u201d su sexto disco de estudio, el cual ver\u00e1 la luz &hellip;<\/p>\n<p class=\"read-more\"> <a class=\"\" href=\"https:\/\/revistaciudad.com.ar\/web\/blog\/2021\/10\/04\/nonpalidece-agrega-una-nueva-funcion-en-el-teatro-plaza\/\"> <span class=\"screen-reader-text\">Nonpalidece agrega una nueva funci\u00f3n en el Teatro Plaza<\/span> Leer m\u00e1s \u00bb<\/a><\/p>\n","protected":false},"author":3,"featured_media":8042,"comment_status":"open","ping_status":"open","sticky":false,"template":"","format":"standard","meta":{"_monsterinsights_skip_tracking":false,"_monsterinsights_sitenote_active":false,"_monsterinsights_sitenote_note":"","_monsterinsights_sitenote_category":0,"footnotes":""},"categories":[34],"tags":[],"class_list":["post-8041","post","type-post","status-publish","format-standard","has-post-thumbnail","hentry","category-municipio"],"_links":{"self":[{"href":"https:\/\/revistaciudad.com.ar\/web\/wp-json\/wp\/v2\/posts\/8041","targetHints":{"allow":["GET"]}}],"collection":[{"href":"https:\/\/revistaciudad.com.ar\/web\/wp-json\/wp\/v2\/posts"}],"about":[{"href":"https:\/\/revistaciudad.com.ar\/web\/wp-json\/wp\/v2\/types\/post"}],"author":[{"embeddable":true,"href":"https:\/\/revistaciudad.com.ar\/web\/wp-json\/wp\/v2\/users\/3"}],"replies":[{"embeddable":true,"href":"https:\/\/revistaciudad.com.ar\/web\/wp-json\/wp\/v2\/comments?post=8041"}],"version-history":[{"count":0,"href":"https:\/\/revistaciudad.com.ar\/web\/wp-json\/wp\/v2\/posts\/8041\/revisions"}],"wp:featuredmedia":[{"embeddable":true,"href":"https:\/\/revistaciudad.com.ar\/web\/wp-json\/wp\/v2\/media\/8042"}],"wp:attachment":[{"href":"https:\/\/revistaciudad.com.ar\/web\/wp-json\/wp\/v2\/media?parent=8041"}],"wp:term":[{"taxonomy":"category","embeddable":true,"href":"https:\/\/revistaciudad.com.ar\/web\/wp-json\/wp\/v2\/categories?post=8041"},{"taxonomy":"post_tag","embeddable":true,"href":"https:\/\/revistaciudad.com.ar\/web\/wp-json\/wp\/v2\/tags?post=8041"}],"curies":[{"name":"wp","href":"https:\/\/api.w.org\/{rel}","templated":true}]}}