{"id":8034,"date":"2021-10-04T19:00:28","date_gmt":"2021-10-04T19:00:28","guid":{"rendered":"https:\/\/revistaciudad.com.ar\/web\/?p=8034"},"modified":"2021-10-04T19:00:31","modified_gmt":"2021-10-04T19:00:31","slug":"godoy-cruz-celebra-el-cumpleanos-de-mafalda","status":"publish","type":"post","link":"https:\/\/revistaciudad.com.ar\/web\/blog\/2021\/10\/04\/godoy-cruz-celebra-el-cumpleanos-de-mafalda\/","title":{"rendered":"Godoy Cruz celebra el cumplea\u00f1os de Mafalda"},"content":{"rendered":"\n<p><strong>A m\u00e1s de medio siglo de su primera publicaci\u00f3n, el municipio festeja un nuevo aniversario de la creaci\u00f3n de uno de los personajes m\u00e1s famosos de la historieta argentina.<\/strong><\/p>\n\n\n\n<p>Mafalda cumple 57 a\u00f1os desde su aparici\u00f3n en la revista \u201cPrimera Plana\u201d y sus ocurrencias est\u00e1n m\u00e1s vigentes que nunca.<\/p>\n\n\n\n<p>El 29 de septiembre de 1964, la tira lleg\u00f3 por primera vez al papel con sus divertidos cuestionamientos, que hac\u00edan re\u00edr y a la vez reflexionar.<\/p>\n\n\n\n<p>Por este motivo, desde la Direcci\u00f3n de Cultura e Industrias Creativas de la Municipalidad de Godoy Cruz se realizar\u00e1 un homenaje a este ic\u00f3nico personaje.<\/p>\n\n\n\n<figure class=\"wp-block-image\"><img decoding=\"async\" src=\"https:\/\/www.godoycruz.gob.ar\/wp-content\/uploads\/2021\/09\/Mafalda-3-web.jpg\" alt=\"\" \/><\/figure>\n\n\n\n<p>\u201cComo viene haci\u00e9ndolo desde hace muchos a\u00f1os, el municipio celebra la creaci\u00f3n de esa \u201cni\u00f1a terrible\u201d que, durante tantos a\u00f1os, nos alumbr\u00f3 con muchas verdades y ha sido un pilar fundamental para la Democracia Argentina\u201d, detall\u00f3 Diego Gareca, director del organismo.<\/p>\n\n\n\n<p>Desde la ma\u00f1ana del mi\u00e9rcoles 29, se desplegar\u00e1n tres gigantograf\u00edas a todo color con dibujos de la homenajeada, en la fachada del Espacio de la Memoria y la Cultura, a metros de la Plaza Departamental.<\/p>\n\n\n\n<p>Asimismo, sonar\u00e1n canciones de la banda brit\u00e1nica The Beatles, la banda sonora preferida de la cumplea\u00f1era, a quienes profesaba su amor en cada vi\u00f1eta que pod\u00eda.<\/p>\n\n\n\n<h3 class=\"wp-block-heading\"><strong>Irreverente y encantadora, Mafalda sigue dando de qu\u00e9 hablar<\/strong><\/h3>\n\n\n\n<p>A trav\u00e9s de los a\u00f1os, la creaci\u00f3n del ilustrador Joaqu\u00edn Salvador Lavado, mejor conocido como Quino, se convirti\u00f3 en un s\u00edmbolo de la defensa de la libertad, la paz mundial y los derechos humanos.<\/p>\n\n\n\n<figure class=\"wp-block-image\"><img decoding=\"async\" src=\"https:\/\/www.godoycruz.gob.ar\/wp-content\/uploads\/2021\/09\/Quino-mural-web.jpg\" alt=\"\" \/><\/figure>\n\n\n\n<p>Imagen de archivo.<\/p>\n\n\n\n<p>A trav\u00e9s de agudos comentarios, que mezclaban inocencia y un humor mordaz, la ni\u00f1a idealista lleg\u00f3 a conquistar a&nbsp; varias generaciones en Argentina y numerosos pa\u00edses de Latinoam\u00e9rica y Europa.<\/p>\n\n\n\n<p>\u201cDecir Mafalda es hablar de nuestra infancia y de un compromiso para hacer sociedades m\u00e1s justas, a trav\u00e9s del humor, la iron\u00eda y la inteligencia. Es por eso que volvemos a celebrar la vida de esta maravillosa creaci\u00f3n de un imprescindible para nuestra cultura como lo es Quino\u201d, finaliz\u00f3 Gareca<\/p>\n","protected":false},"excerpt":{"rendered":"<p>A m\u00e1s de medio siglo de su primera publicaci\u00f3n, el municipio festeja un nuevo aniversario de la creaci\u00f3n de uno de los personajes m\u00e1s famosos de la historieta argentina. Mafalda cumple 57 a\u00f1os desde su aparici\u00f3n en la revista \u201cPrimera Plana\u201d y sus ocurrencias est\u00e1n m\u00e1s vigentes que nunca. El 29 de septiembre de 1964, &hellip;<\/p>\n<p class=\"read-more\"> <a class=\"\" href=\"https:\/\/revistaciudad.com.ar\/web\/blog\/2021\/10\/04\/godoy-cruz-celebra-el-cumpleanos-de-mafalda\/\"> <span class=\"screen-reader-text\">Godoy Cruz celebra el cumplea\u00f1os de Mafalda<\/span> Leer m\u00e1s \u00bb<\/a><\/p>\n","protected":false},"author":3,"featured_media":8035,"comment_status":"open","ping_status":"open","sticky":false,"template":"","format":"standard","meta":{"_monsterinsights_skip_tracking":false,"_monsterinsights_sitenote_active":false,"_monsterinsights_sitenote_note":"","_monsterinsights_sitenote_category":0,"footnotes":""},"categories":[34],"tags":[],"class_list":["post-8034","post","type-post","status-publish","format-standard","has-post-thumbnail","hentry","category-municipio"],"_links":{"self":[{"href":"https:\/\/revistaciudad.com.ar\/web\/wp-json\/wp\/v2\/posts\/8034","targetHints":{"allow":["GET"]}}],"collection":[{"href":"https:\/\/revistaciudad.com.ar\/web\/wp-json\/wp\/v2\/posts"}],"about":[{"href":"https:\/\/revistaciudad.com.ar\/web\/wp-json\/wp\/v2\/types\/post"}],"author":[{"embeddable":true,"href":"https:\/\/revistaciudad.com.ar\/web\/wp-json\/wp\/v2\/users\/3"}],"replies":[{"embeddable":true,"href":"https:\/\/revistaciudad.com.ar\/web\/wp-json\/wp\/v2\/comments?post=8034"}],"version-history":[{"count":0,"href":"https:\/\/revistaciudad.com.ar\/web\/wp-json\/wp\/v2\/posts\/8034\/revisions"}],"wp:featuredmedia":[{"embeddable":true,"href":"https:\/\/revistaciudad.com.ar\/web\/wp-json\/wp\/v2\/media\/8035"}],"wp:attachment":[{"href":"https:\/\/revistaciudad.com.ar\/web\/wp-json\/wp\/v2\/media?parent=8034"}],"wp:term":[{"taxonomy":"category","embeddable":true,"href":"https:\/\/revistaciudad.com.ar\/web\/wp-json\/wp\/v2\/categories?post=8034"},{"taxonomy":"post_tag","embeddable":true,"href":"https:\/\/revistaciudad.com.ar\/web\/wp-json\/wp\/v2\/tags?post=8034"}],"curies":[{"name":"wp","href":"https:\/\/api.w.org\/{rel}","templated":true}]}}