{"id":8031,"date":"2021-10-04T18:58:53","date_gmt":"2021-10-04T18:58:53","guid":{"rendered":"https:\/\/revistaciudad.com.ar\/web\/?p=8031"},"modified":"2021-10-04T18:58:55","modified_gmt":"2021-10-04T18:58:55","slug":"jornada-virtual-con-puntaje-mendoza-godoy-cruz-y-la-gesta-sanmartiniana","status":"publish","type":"post","link":"https:\/\/revistaciudad.com.ar\/web\/blog\/2021\/10\/04\/jornada-virtual-con-puntaje-mendoza-godoy-cruz-y-la-gesta-sanmartiniana\/","title":{"rendered":"Jornada virtual con puntaje: Mendoza, Godoy Cruz y la gesta sanmartiniana"},"content":{"rendered":"\n<p><strong><em>Ser\u00e1 los d\u00edas 6 y 7 de octubre, de 9 a 13, a trav\u00e9s de la plataforma Google Meet. Es arancelada y con cupos limitados<\/em><\/strong><\/p>\n\n\n\n<figure class=\"wp-block-image\"><img decoding=\"async\" src=\"https:\/\/www.godoycruz.gob.ar\/wp-content\/uploads\/2021\/09\/WhatsApp-Image-2021-09-24-at-10.54.31.jpeg\" alt=\"\" \/><\/figure>\n\n\n\n<p>Por tercera vez en el a\u00f1o se dicta esta jornada, a pedido de docentes. Tambi\u00e9n en el marco del programa de formaci\u00f3n de gu\u00edas en historia local organizado con el Instituto 9-030 Bicentenario.<\/p>\n\n\n\n<p>La jornada se realizar\u00e1 los d\u00edas 6 y 7 de octubre, de 9 a 13, a trav\u00e9s de la plataforma Google Meet. Cabe destacar que est\u00e1 destinada a docentes y estudiantes de todas las carreras. Adem\u00e1s, a gu\u00edas de turismo, artesanos, empleados, funcionarios, directivos y p\u00fablico en general. En ese sentido, deber\u00e1n inscribirse y solicitar m\u00e1s informaci\u00f3n a&nbsp;<a href=\"mailto:juntahistoricagodoycruz@gmail.com\">juntahistoricagodoycruz@gmail.com<\/a><\/p>\n\n\n\n<h2 class=\"wp-block-heading\">Detalles<\/h2>\n\n\n\n<p>Durante los encuentros virtuales se profundizar\u00e1 la historia local y de la gesta sanmartiniana. En primera instancia se brindar\u00e1n herramientas para visualizar el patrimonio regional desde el espacio cercano (lo concreto) y su interacci\u00f3n con espacios y tiempos lejanos (lo abstracto). En tanto, el resto de las horas se utilizar\u00e1n para realizar el proyecto did\u00e1ctico o de transmisi\u00f3n de la historia. El mismo tiene como punto de inicio un recorrido por el Museo Virtual de Godoy Cruz.<\/p>\n\n\n\n<p>Finalmente, el proyecto se enviar\u00e1 por email a la coordinadora del curso. La jornada tiene como objetivo lograr una mayor identificaci\u00f3n y conocimiento. Tanto del medio como de la historia del lugar en el que habitan los cursantes y transmitirla a la comunidad.<\/p>\n\n\n\n<p>La actividad es arancelada y con cupos limitados. Ciertamente, la dicta Fabiana Mastrangelo, historiadora, docente y autora de los libros Godoy Cruz, una historia. Del barrio de San Vicente a la ciudad de hoy (2016) y \u201cValores humanos de Jos\u00e9 de San Mart\u00edn\u201d (2018). Tambi\u00e9n de \u201cValores humanos en la ciudad\u201d (comp. 2019). Los conferencistas invitados ser\u00e1n la Dra. Liliana Girini y el Lic. Juan Marcelo Calabria. Adem\u00e1s, est\u00e1 auspiciada por la Secretar\u00eda de Desarrollo Humano, la Facultad de Educaci\u00f3n UNCuyo y la Junta de Estudios Hist\u00f3ricos \u2013 Filial Godoy Cruz.<\/p>\n\n\n\n<p>La certificaci\u00f3n ser\u00e1 en formato digital, con puntaje otorgado por la Direcci\u00f3n General de Escuelas, Res. N\u00famero 5 E\/2021.<\/p>\n","protected":false},"excerpt":{"rendered":"<p>Ser\u00e1 los d\u00edas 6 y 7 de octubre, de 9 a 13, a trav\u00e9s de la plataforma Google Meet. Es arancelada y con cupos limitados Por tercera vez en el a\u00f1o se dicta esta jornada, a pedido de docentes. Tambi\u00e9n en el marco del programa de formaci\u00f3n de gu\u00edas en historia local organizado con el &hellip;<\/p>\n<p class=\"read-more\"> <a class=\"\" href=\"https:\/\/revistaciudad.com.ar\/web\/blog\/2021\/10\/04\/jornada-virtual-con-puntaje-mendoza-godoy-cruz-y-la-gesta-sanmartiniana\/\"> <span class=\"screen-reader-text\">Jornada virtual con puntaje: Mendoza, Godoy Cruz y la gesta sanmartiniana<\/span> Leer m\u00e1s \u00bb<\/a><\/p>\n","protected":false},"author":3,"featured_media":8032,"comment_status":"open","ping_status":"open","sticky":false,"template":"","format":"standard","meta":{"_monsterinsights_skip_tracking":false,"_monsterinsights_sitenote_active":false,"_monsterinsights_sitenote_note":"","_monsterinsights_sitenote_category":0,"footnotes":""},"categories":[34],"tags":[],"class_list":["post-8031","post","type-post","status-publish","format-standard","has-post-thumbnail","hentry","category-municipio"],"_links":{"self":[{"href":"https:\/\/revistaciudad.com.ar\/web\/wp-json\/wp\/v2\/posts\/8031","targetHints":{"allow":["GET"]}}],"collection":[{"href":"https:\/\/revistaciudad.com.ar\/web\/wp-json\/wp\/v2\/posts"}],"about":[{"href":"https:\/\/revistaciudad.com.ar\/web\/wp-json\/wp\/v2\/types\/post"}],"author":[{"embeddable":true,"href":"https:\/\/revistaciudad.com.ar\/web\/wp-json\/wp\/v2\/users\/3"}],"replies":[{"embeddable":true,"href":"https:\/\/revistaciudad.com.ar\/web\/wp-json\/wp\/v2\/comments?post=8031"}],"version-history":[{"count":0,"href":"https:\/\/revistaciudad.com.ar\/web\/wp-json\/wp\/v2\/posts\/8031\/revisions"}],"wp:featuredmedia":[{"embeddable":true,"href":"https:\/\/revistaciudad.com.ar\/web\/wp-json\/wp\/v2\/media\/8032"}],"wp:attachment":[{"href":"https:\/\/revistaciudad.com.ar\/web\/wp-json\/wp\/v2\/media?parent=8031"}],"wp:term":[{"taxonomy":"category","embeddable":true,"href":"https:\/\/revistaciudad.com.ar\/web\/wp-json\/wp\/v2\/categories?post=8031"},{"taxonomy":"post_tag","embeddable":true,"href":"https:\/\/revistaciudad.com.ar\/web\/wp-json\/wp\/v2\/tags?post=8031"}],"curies":[{"name":"wp","href":"https:\/\/api.w.org\/{rel}","templated":true}]}}