{"id":8028,"date":"2021-10-04T18:57:23","date_gmt":"2021-10-04T18:57:23","guid":{"rendered":"https:\/\/revistaciudad.com.ar\/web\/?p=8028"},"modified":"2021-10-04T18:57:26","modified_gmt":"2021-10-04T18:57:26","slug":"se-viene-una-noche-tanguera-con-invitados-de-lujo","status":"publish","type":"post","link":"https:\/\/revistaciudad.com.ar\/web\/blog\/2021\/10\/04\/se-viene-una-noche-tanguera-con-invitados-de-lujo\/","title":{"rendered":"Se viene una noche tanguera con invitados de lujo"},"content":{"rendered":"\n<p><strong>El pr\u00f3ximo domingo 3 de octubre a las 20:00 horas, el Teatro Plaza recibe a grandes artistas &nbsp;del tango. Habr\u00e1 danza, m\u00fasica en vivo e invitados especiales que engalanar\u00e1n la propuesta.<\/strong><\/p>\n\n\n\n<figure class=\"wp-block-image\"><img decoding=\"async\" src=\"https:\/\/www.godoycruz.gob.ar\/wp-content\/uploads\/2021\/09\/Campeones-web.jpg\" alt=\"\" \/><\/figure>\n\n\n\n<p>\u201cInspirar\u201d es el nombre del espect\u00e1culo que desplegar\u00e1 toda la energ\u00eda y la sensualidad el 2\u00d74 en Godoy Cruz.<\/p>\n\n\n\n<p>Ser\u00e1 una coproducci\u00f3n del Multiespacio de Arte y Movimiento Conexi\u00f3n y la Direcci\u00f3n de Cultura e Industrias Creativas del municipio.<\/p>\n\n\n\n<p>Cabe recordar que el n\u00famero de butacas disponibles ser\u00e1 limitado y se le solicita al p\u00fablico respetar los protocolos sanitarios pertinentes.<\/p>\n\n\n\n<h3 class=\"wp-block-heading\"><strong>El tango se apodera de la noche<\/strong><\/h3>\n\n\n\n<p>Este show contara, en primer lugar, con la participaci\u00f3n de grandes artistas mendocinos de la danza arrabalera.<\/p>\n\n\n\n<p>De esta forma sobre las tablas brillar\u00e1n la Compa\u00f1\u00eda Taura Tango, el Estudio Cano-Morel y AM Tango; as\u00ed como parejas de gran trayectoria, integradas por Pablo Fern\u00e1ndez y Eugenia Moyano; Andrea Laucieri y Pablo Gutierrez, Vanina Mendez y Leandro Cazzanelli y Javier Jofre y Paola Valdivia.<\/p>\n\n\n\n<figure class=\"wp-block-image\"><img decoding=\"async\" src=\"https:\/\/www.godoycruz.gob.ar\/wp-content\/uploads\/2021\/09\/TAURA-TANGO-274-web.jpg\" alt=\"\" \/><\/figure>\n\n\n\n<p>La m\u00fasica tambi\u00e9n ser\u00e1 protagonista, representada por grupos de gran reputaci\u00f3n en el g\u00e9nero, como la orquesta Ser\u00e9 Tango y Orquesta con Brio.<\/p>\n\n\n\n<p>Del mismo modo, \u201cInspirar\u201d tendr\u00e1 el privilegio de contar con la participaci\u00f3n de Emmanuel Casal y Yanina Muzyka, provenientes de Buenos Aires.<\/p>\n\n\n\n<p>Juntos conforman una de las parejas de tango de mayor jerarqu\u00eda del ambiente nacional e internacional.<\/p>\n\n\n\n<p>Tambi\u00e9n se consagraron como los flamantes Campeones del Mundial de Tango 2021, en la Categor\u00eda Tango Escenario.<\/p>\n\n\n\n<p>La venta de entradas se realizar\u00e1 v\u00eda telef\u00f3nica, al 2616378744 o en el Multiespacio Conexi\u00f3n, en Avenida San Martin 1089. El horario es de lunes a viernes, desde las 15:00 horas y el s\u00e1bado, de 9.00 a 19:00 horas.<\/p>\n","protected":false},"excerpt":{"rendered":"<p>El pr\u00f3ximo domingo 3 de octubre a las 20:00 horas, el Teatro Plaza recibe a grandes artistas &nbsp;del tango. Habr\u00e1 danza, m\u00fasica en vivo e invitados especiales que engalanar\u00e1n la propuesta. \u201cInspirar\u201d es el nombre del espect\u00e1culo que desplegar\u00e1 toda la energ\u00eda y la sensualidad el 2\u00d74 en Godoy Cruz. Ser\u00e1 una coproducci\u00f3n del Multiespacio &hellip;<\/p>\n<p class=\"read-more\"> <a class=\"\" href=\"https:\/\/revistaciudad.com.ar\/web\/blog\/2021\/10\/04\/se-viene-una-noche-tanguera-con-invitados-de-lujo\/\"> <span class=\"screen-reader-text\">Se viene una noche tanguera con invitados de lujo<\/span> Leer m\u00e1s \u00bb<\/a><\/p>\n","protected":false},"author":3,"featured_media":8029,"comment_status":"open","ping_status":"open","sticky":false,"template":"","format":"standard","meta":{"_monsterinsights_skip_tracking":false,"_monsterinsights_sitenote_active":false,"_monsterinsights_sitenote_note":"","_monsterinsights_sitenote_category":0,"footnotes":""},"categories":[34],"tags":[],"class_list":["post-8028","post","type-post","status-publish","format-standard","has-post-thumbnail","hentry","category-municipio"],"_links":{"self":[{"href":"https:\/\/revistaciudad.com.ar\/web\/wp-json\/wp\/v2\/posts\/8028","targetHints":{"allow":["GET"]}}],"collection":[{"href":"https:\/\/revistaciudad.com.ar\/web\/wp-json\/wp\/v2\/posts"}],"about":[{"href":"https:\/\/revistaciudad.com.ar\/web\/wp-json\/wp\/v2\/types\/post"}],"author":[{"embeddable":true,"href":"https:\/\/revistaciudad.com.ar\/web\/wp-json\/wp\/v2\/users\/3"}],"replies":[{"embeddable":true,"href":"https:\/\/revistaciudad.com.ar\/web\/wp-json\/wp\/v2\/comments?post=8028"}],"version-history":[{"count":0,"href":"https:\/\/revistaciudad.com.ar\/web\/wp-json\/wp\/v2\/posts\/8028\/revisions"}],"wp:featuredmedia":[{"embeddable":true,"href":"https:\/\/revistaciudad.com.ar\/web\/wp-json\/wp\/v2\/media\/8029"}],"wp:attachment":[{"href":"https:\/\/revistaciudad.com.ar\/web\/wp-json\/wp\/v2\/media?parent=8028"}],"wp:term":[{"taxonomy":"category","embeddable":true,"href":"https:\/\/revistaciudad.com.ar\/web\/wp-json\/wp\/v2\/categories?post=8028"},{"taxonomy":"post_tag","embeddable":true,"href":"https:\/\/revistaciudad.com.ar\/web\/wp-json\/wp\/v2\/tags?post=8028"}],"curies":[{"name":"wp","href":"https:\/\/api.w.org\/{rel}","templated":true}]}}