{"id":8025,"date":"2021-10-04T18:55:17","date_gmt":"2021-10-04T18:55:17","guid":{"rendered":"https:\/\/revistaciudad.com.ar\/web\/?p=8025"},"modified":"2021-10-04T18:55:20","modified_gmt":"2021-10-04T18:55:20","slug":"operativos-territoriales-mas-de-2700-personas-vacunadas-en-51-puntos","status":"publish","type":"post","link":"https:\/\/revistaciudad.com.ar\/web\/blog\/2021\/10\/04\/operativos-territoriales-mas-de-2700-personas-vacunadas-en-51-puntos\/","title":{"rendered":"Operativos territoriales: m\u00e1s de 2700 personas vacunadas en 51 puntos"},"content":{"rendered":"\n<p> <strong><em>Avanza la vacunaci\u00f3n contra el Covid-19 en los barrios del departamento<\/em><\/strong> <\/p>\n\n\n\n<p><strong>M\u00e1s de 2700 vecinas y vecinos de Godoy Cruz se vacunaron, hasta el momento, en los operativos territoriales.<\/strong><\/p>\n\n\n\n<p>Adem\u00e1s, el m\u00f3vil de salud lleg\u00f3 a 51 puntos del departamento y abarc\u00f3 110 barrios.<\/p>\n\n\n\n<p>El objetivo, entonces, es avanzar con la colocaci\u00f3n de dosis contra el Covid-19.<\/p>\n\n\n\n<p>Las recorridas comenzaron en junio y siguen cada semana en diferentes puntos del departamento.<\/p>\n\n\n\n<figure class=\"wp-block-image\"><img decoding=\"async\" src=\"https:\/\/www.godoycruz.gob.ar\/wp-content\/uploads\/2021\/09\/m%C3%B3vil-de-salud-godoy-cruz-vacunaci%C3%B3n-covid-2-ok.jpg\" alt=\"\" \/><\/figure>\n\n\n\n<h3 class=\"wp-block-heading\">As\u00ed contin\u00faa el operativo<\/h3>\n\n\n\n<ul class=\"wp-block-list\"><li><strong>Martes 28 de septiembre:<\/strong>&nbsp;B\u00b0 Parque Oeste \u2013 Jacarand\u00e1, entre Triburcio Benegas y Ocean\u00eda<\/li><li><strong>Mi\u00e9rcoles 29 de septiembre:<\/strong>&nbsp;Terrada, entre Rawson y Arist\u00f3bulo Del Valle<\/li><li><strong>Jueves 30 de septiembre:&nbsp;<\/strong>B\u00b0 Tres Estrellas \u2013 Manzana: N Casa 16<\/li><li><strong>Viernes 1 de octubre:<\/strong>&nbsp;B\u00b0 Sol y Esperanza \u2013 Pareditas, entre Consulta L. y Panquehua<\/li><li><strong>S\u00e1bado 2 de octubre:<\/strong>&nbsp;Feria del Boulevard San Vicente<\/li><\/ul>\n\n\n\n<p><strong>Importante<\/strong><\/p>\n\n\n\n<p>-Llevar DNI y carnet de vacunaci\u00f3n<br>-La atenci\u00f3n es por orden de llegada<\/p>\n\n\n\n<h3 class=\"wp-block-heading\"><a rel=\"noreferrer noopener\" href=\"https:\/\/www.godoycruz.gob.ar\/salud\/operativos-territoriales-salud\/\" target=\"_blank\">Todo sobre los operativos territoriales<\/a><\/h3>\n\n\n\n<h3 class=\"wp-block-heading\">Salud y cuidado del ambiente<\/h3>\n\n\n\n<p>La unidad sanitaria m\u00f3vil municipal cuenta con&nbsp;<a href=\"https:\/\/www.godoycruz.gob.ar\/la-unidad-sanitaria-movil-incorporo-paneles-solares-la-abastecen-electricidad\/\" target=\"_blank\" rel=\"noreferrer noopener\">cuatro paneles solares.<\/a><\/p>\n\n\n\n<p>Este&nbsp;equipo fotovoltaico, en tanto, le permite tener&nbsp;<strong>autonom\u00eda energ\u00e9tica.<\/strong><\/p>\n\n\n\n<p>Por \u00faltimo, con ella suministra de energ\u00eda a los freezers donde se guardan las vacunas.<\/p>\n","protected":false},"excerpt":{"rendered":"<p>Avanza la vacunaci\u00f3n contra el Covid-19 en los barrios del departamento M\u00e1s de 2700 vecinas y vecinos de Godoy Cruz se vacunaron, hasta el momento, en los operativos territoriales. Adem\u00e1s, el m\u00f3vil de salud lleg\u00f3 a 51 puntos del departamento y abarc\u00f3 110 barrios. El objetivo, entonces, es avanzar con la colocaci\u00f3n de dosis contra &hellip;<\/p>\n<p class=\"read-more\"> <a class=\"\" href=\"https:\/\/revistaciudad.com.ar\/web\/blog\/2021\/10\/04\/operativos-territoriales-mas-de-2700-personas-vacunadas-en-51-puntos\/\"> <span class=\"screen-reader-text\">Operativos territoriales: m\u00e1s de 2700 personas vacunadas en 51 puntos<\/span> Leer m\u00e1s \u00bb<\/a><\/p>\n","protected":false},"author":3,"featured_media":8026,"comment_status":"open","ping_status":"open","sticky":false,"template":"","format":"standard","meta":{"_monsterinsights_skip_tracking":false,"_monsterinsights_sitenote_active":false,"_monsterinsights_sitenote_note":"","_monsterinsights_sitenote_category":0,"footnotes":""},"categories":[34],"tags":[],"class_list":["post-8025","post","type-post","status-publish","format-standard","has-post-thumbnail","hentry","category-municipio"],"_links":{"self":[{"href":"https:\/\/revistaciudad.com.ar\/web\/wp-json\/wp\/v2\/posts\/8025","targetHints":{"allow":["GET"]}}],"collection":[{"href":"https:\/\/revistaciudad.com.ar\/web\/wp-json\/wp\/v2\/posts"}],"about":[{"href":"https:\/\/revistaciudad.com.ar\/web\/wp-json\/wp\/v2\/types\/post"}],"author":[{"embeddable":true,"href":"https:\/\/revistaciudad.com.ar\/web\/wp-json\/wp\/v2\/users\/3"}],"replies":[{"embeddable":true,"href":"https:\/\/revistaciudad.com.ar\/web\/wp-json\/wp\/v2\/comments?post=8025"}],"version-history":[{"count":0,"href":"https:\/\/revistaciudad.com.ar\/web\/wp-json\/wp\/v2\/posts\/8025\/revisions"}],"wp:featuredmedia":[{"embeddable":true,"href":"https:\/\/revistaciudad.com.ar\/web\/wp-json\/wp\/v2\/media\/8026"}],"wp:attachment":[{"href":"https:\/\/revistaciudad.com.ar\/web\/wp-json\/wp\/v2\/media?parent=8025"}],"wp:term":[{"taxonomy":"category","embeddable":true,"href":"https:\/\/revistaciudad.com.ar\/web\/wp-json\/wp\/v2\/categories?post=8025"},{"taxonomy":"post_tag","embeddable":true,"href":"https:\/\/revistaciudad.com.ar\/web\/wp-json\/wp\/v2\/tags?post=8025"}],"curies":[{"name":"wp","href":"https:\/\/api.w.org\/{rel}","templated":true}]}}