{"id":8019,"date":"2021-10-04T18:51:39","date_gmt":"2021-10-04T18:51:39","guid":{"rendered":"https:\/\/revistaciudad.com.ar\/web\/?p=8019"},"modified":"2021-10-04T18:51:42","modified_gmt":"2021-10-04T18:51:42","slug":"javier-rodriguez-trae-su-nuevo-espectaculo-al-teatro-plaza","status":"publish","type":"post","link":"https:\/\/revistaciudad.com.ar\/web\/blog\/2021\/10\/04\/javier-rodriguez-trae-su-nuevo-espectaculo-al-teatro-plaza\/","title":{"rendered":"Javier Rodr\u00edguez trae su nuevo espect\u00e1culo al Teatro Plaza"},"content":{"rendered":"\n<p><strong>El cantautor Javier Rodr\u00edguez presentar\u00e1 Adentro, un concierto que reunir\u00e1 canciones de su autor\u00eda y versiones de otros artistas. El s\u00e1bado 16 ser\u00e1 la cita con este notable int\u00e9rprete, a las 21:30 horas y las entradas ya est\u00e1n a la venta.<\/strong><\/p>\n\n\n\n<p>M\u00fasica pop y de ra\u00edz folkl\u00f3rica ser\u00e1n los sonidos que pueblen Adentro, el reciente espect\u00e1culo de Javier Rodr\u00edguez, en el que vuelve a los escenarios para celebrar 30 a\u00f1os con la m\u00fasica.<\/p>\n\n\n\n<p>Las entradas se pueden comprar en la boleter\u00eda del teatro (Col\u00f3n 27, de Godoy Cruz), de lunes a viernes de 8:30 a 14:00 horas. Tambi\u00e9n se pueden conseguir online, a trav\u00e9s de \u00a0<a href=\"https:\/\/bit.ly\/EntradasJavierRodriguez\">https:\/\/bit.ly\/EntradasJavierRodriguez<\/a>. Los cupos son limitados y el espect\u00e1culo contar\u00e1 con las medidas sanitarias correspondientes.<\/p>\n\n\n\n<h2 class=\"wp-block-heading\"><strong>Una verdadera celebraci\u00f3n musical<\/strong><\/h2>\n\n\n\n<p>Con una robusta voz que surca diversos g\u00e9neros con la misma profundidad y sensibilidad, Javier Rodr\u00edguez llevar\u00e1 a cabo un repertorio de veinte canciones, propias y de otros autores, reversionadas con su particular impronta.<\/p>\n\n\n\n<p>Adem\u00e1s de la voz, &nbsp;guitarras, teclados y secuencias, el multifac\u00e9tico artista estar\u00e1 a cargo de la direcci\u00f3n musical del concierto, que contar\u00e1 con la presencia de dos prestigiosos m\u00fasicos mendocinos y compa\u00f1eros de ruta.<\/p>\n\n\n\n<p>En este recorrido por las mejores melod\u00edas del cantante, el homenajeado estar\u00e1 acompa\u00f1ado por Pablo Quiroga (bater\u00eda y percusi\u00f3n) y Mauricio Achem &nbsp;(bajos el\u00e9ctricos de 5 y 6 cuerdas).<\/p>\n\n\n\n<p>Como invitados de esta experiencia sonora \u00edntima estar\u00e1n presentes el poeta Pedro Zalazar, &nbsp;las cantantes Alejandra Marengo y Mar\u00eda Fernanda \u201cPunchi\u201d S\u00e1nchez y el joven pianista Marcos Rodr\u00edguez.<\/p>\n\n\n\n<figure class=\"wp-block-image\"><img decoding=\"async\" src=\"https:\/\/www.godoycruz.gob.ar\/wp-content\/uploads\/2021\/09\/JR-1.jpg\" alt=\"\" \/><\/figure>\n\n\n\n<h2 class=\"wp-block-heading\"><strong>Siguiendo la senda art\u00edstica de Javier Rodr\u00edguez<\/strong><\/h2>\n\n\n\n<p>Este cantautor compone, escribe, toca la guitarra e interpreta canciones que abarcan diferentes estilos y mixturas. Ha desarrollado una ilustre carrera con numerosos proyectos que lo han tenido como protagonista.<\/p>\n\n\n\n<p>Inici\u00f3 su actividad en 1991, cantando en diferentes pubs de Mendoza. En paralelo desarroll\u00f3 su actividad en el Coral de las Arenas, como director adjunto del Maestro Dami\u00e1n S\u00e1nchez.<\/p>\n\n\n\n<p>Tambi\u00e9n ha protagonizado comedias musicales exitosas de nivel internacional como \u201cLos Miserables\u201d, \u201cFausto, el Musical\u201d, \u201cEl sue\u00f1o del General\u201d, \u201cEl Jorobado de Paris II\u201d y \u201cCanciones para Mirar\u201d.<\/p>\n\n\n\n<p>Desde 1995 hasta el 2005 fue el cantante de Ariel Ram\u00edrez, autor de la c\u00e9lebre \u201cMisa Criolla\u201d, quien lo convoc\u00f3 para cantar los solos de esta obra y de otras de su autor\u00eda.<\/p>\n\n\n\n<p>Ha mostrado su voz en algunas de las principales salas de concierto y teatros del mundo.<\/p>\n","protected":false},"excerpt":{"rendered":"<p>El cantautor Javier Rodr\u00edguez presentar\u00e1 Adentro, un concierto que reunir\u00e1 canciones de su autor\u00eda y versiones de otros artistas. El s\u00e1bado 16 ser\u00e1 la cita con este notable int\u00e9rprete, a las 21:30 horas y las entradas ya est\u00e1n a la venta. M\u00fasica pop y de ra\u00edz folkl\u00f3rica ser\u00e1n los sonidos que pueblen Adentro, el reciente &hellip;<\/p>\n<p class=\"read-more\"> <a class=\"\" href=\"https:\/\/revistaciudad.com.ar\/web\/blog\/2021\/10\/04\/javier-rodriguez-trae-su-nuevo-espectaculo-al-teatro-plaza\/\"> <span class=\"screen-reader-text\">Javier Rodr\u00edguez trae su nuevo espect\u00e1culo al Teatro Plaza<\/span> Leer m\u00e1s \u00bb<\/a><\/p>\n","protected":false},"author":3,"featured_media":8020,"comment_status":"open","ping_status":"open","sticky":false,"template":"","format":"standard","meta":{"_monsterinsights_skip_tracking":false,"_monsterinsights_sitenote_active":false,"_monsterinsights_sitenote_note":"","_monsterinsights_sitenote_category":0,"footnotes":""},"categories":[34],"tags":[],"class_list":["post-8019","post","type-post","status-publish","format-standard","has-post-thumbnail","hentry","category-municipio"],"_links":{"self":[{"href":"https:\/\/revistaciudad.com.ar\/web\/wp-json\/wp\/v2\/posts\/8019","targetHints":{"allow":["GET"]}}],"collection":[{"href":"https:\/\/revistaciudad.com.ar\/web\/wp-json\/wp\/v2\/posts"}],"about":[{"href":"https:\/\/revistaciudad.com.ar\/web\/wp-json\/wp\/v2\/types\/post"}],"author":[{"embeddable":true,"href":"https:\/\/revistaciudad.com.ar\/web\/wp-json\/wp\/v2\/users\/3"}],"replies":[{"embeddable":true,"href":"https:\/\/revistaciudad.com.ar\/web\/wp-json\/wp\/v2\/comments?post=8019"}],"version-history":[{"count":0,"href":"https:\/\/revistaciudad.com.ar\/web\/wp-json\/wp\/v2\/posts\/8019\/revisions"}],"wp:featuredmedia":[{"embeddable":true,"href":"https:\/\/revistaciudad.com.ar\/web\/wp-json\/wp\/v2\/media\/8020"}],"wp:attachment":[{"href":"https:\/\/revistaciudad.com.ar\/web\/wp-json\/wp\/v2\/media?parent=8019"}],"wp:term":[{"taxonomy":"category","embeddable":true,"href":"https:\/\/revistaciudad.com.ar\/web\/wp-json\/wp\/v2\/categories?post=8019"},{"taxonomy":"post_tag","embeddable":true,"href":"https:\/\/revistaciudad.com.ar\/web\/wp-json\/wp\/v2\/tags?post=8019"}],"curies":[{"name":"wp","href":"https:\/\/api.w.org\/{rel}","templated":true}]}}