{"id":8016,"date":"2021-10-04T18:49:57","date_gmt":"2021-10-04T18:49:57","guid":{"rendered":"https:\/\/revistaciudad.com.ar\/web\/?p=8016"},"modified":"2021-10-04T18:50:02","modified_gmt":"2021-10-04T18:50:02","slug":"se-agregan-nuevas-actividades-a-los-talleres-de-oficios-socioproductivos","status":"publish","type":"post","link":"https:\/\/revistaciudad.com.ar\/web\/blog\/2021\/10\/04\/se-agregan-nuevas-actividades-a-los-talleres-de-oficios-socioproductivos\/","title":{"rendered":"Se agregan nuevas actividades a los Talleres de Oficios Socioproductivos"},"content":{"rendered":"\n<p><strong><em>Los talleres de Marroquiner\u00eda y Pintura\/Reciclado ser\u00e1n presenciales. Comenzar\u00e1n el 27 de septiembre en el CAPeM (Derqui y M\u00e1rmol). Son gratuitos y con cupos limitados<\/em><\/strong><\/p>\n\n\n\n<figure class=\"wp-block-image\"><img decoding=\"async\" src=\"https:\/\/www.godoycruz.gob.ar\/wp-content\/uploads\/2021\/09\/WhatsApp-Image-2021-09-24-at-18.39.08-1.jpeg\" alt=\"\" \/><\/figure>\n\n\n\n<figure class=\"wp-block-image\"><img decoding=\"async\" src=\"https:\/\/www.godoycruz.gob.ar\/wp-content\/uploads\/2021\/09\/WhatsApp-Image-2021-09-24-at-18.39.08.jpeg\" alt=\"\" \/><\/figure>\n\n\n\n<p>A partir del lunes 27 se dictar\u00e1n los talleres de Marroquiner\u00eda y de Pintura \u2013 Reciclado, como parte del ciclo de Talleres de Oficios Socioproductivos. Adem\u00e1s, responden a las demandas de los vecinos de las zonas de Villa Hip\u00f3dromo y Villa del Parque.<\/p>\n\n\n\n<p>Es por eso que la propuesta est\u00e1 destinada a hombres y mujeres de 18 a\u00f1os en adelante, que quieran aprender un oficio para emprender y trabajar. Cabe destacar que son gratuitos, con cupos limitados y con entrega de certificados.<\/p>\n\n\n\n<p>Por esa raz\u00f3n, las personas interesadas en participar deber\u00e1n acercarse al lugar y horario de las actividades. En ese sentido, los requisitos para sumarse son tener domicilio en Godoy Cruz y llevar la fotocopia del DNI.<\/p>\n\n\n\n<h3 class=\"wp-block-heading\"><strong>Detalle de los talleres:<\/strong><\/h3>\n\n\n\n<p>CAPeM: Derqui y M\u00e1rmol<\/p>\n\n\n\n<ul class=\"wp-block-list\"><li>Marroquiner\u00eda: lunes de 14:30 a 16:30<\/li><li>Pintura: jueves de 14:30 a 16:30<\/li><\/ul>\n","protected":false},"excerpt":{"rendered":"<p>Los talleres de Marroquiner\u00eda y Pintura\/Reciclado ser\u00e1n presenciales. Comenzar\u00e1n el 27 de septiembre en el CAPeM (Derqui y M\u00e1rmol). Son gratuitos y con cupos limitados A partir del lunes 27 se dictar\u00e1n los talleres de Marroquiner\u00eda y de Pintura \u2013 Reciclado, como parte del ciclo de Talleres de Oficios Socioproductivos. Adem\u00e1s, responden a las demandas &hellip;<\/p>\n<p class=\"read-more\"> <a class=\"\" href=\"https:\/\/revistaciudad.com.ar\/web\/blog\/2021\/10\/04\/se-agregan-nuevas-actividades-a-los-talleres-de-oficios-socioproductivos\/\"> <span class=\"screen-reader-text\">Se agregan nuevas actividades a los Talleres de Oficios Socioproductivos<\/span> Leer m\u00e1s \u00bb<\/a><\/p>\n","protected":false},"author":3,"featured_media":8017,"comment_status":"open","ping_status":"open","sticky":false,"template":"","format":"standard","meta":{"_monsterinsights_skip_tracking":false,"_monsterinsights_sitenote_active":false,"_monsterinsights_sitenote_note":"","_monsterinsights_sitenote_category":0,"footnotes":""},"categories":[34],"tags":[],"class_list":["post-8016","post","type-post","status-publish","format-standard","has-post-thumbnail","hentry","category-municipio"],"_links":{"self":[{"href":"https:\/\/revistaciudad.com.ar\/web\/wp-json\/wp\/v2\/posts\/8016","targetHints":{"allow":["GET"]}}],"collection":[{"href":"https:\/\/revistaciudad.com.ar\/web\/wp-json\/wp\/v2\/posts"}],"about":[{"href":"https:\/\/revistaciudad.com.ar\/web\/wp-json\/wp\/v2\/types\/post"}],"author":[{"embeddable":true,"href":"https:\/\/revistaciudad.com.ar\/web\/wp-json\/wp\/v2\/users\/3"}],"replies":[{"embeddable":true,"href":"https:\/\/revistaciudad.com.ar\/web\/wp-json\/wp\/v2\/comments?post=8016"}],"version-history":[{"count":0,"href":"https:\/\/revistaciudad.com.ar\/web\/wp-json\/wp\/v2\/posts\/8016\/revisions"}],"wp:featuredmedia":[{"embeddable":true,"href":"https:\/\/revistaciudad.com.ar\/web\/wp-json\/wp\/v2\/media\/8017"}],"wp:attachment":[{"href":"https:\/\/revistaciudad.com.ar\/web\/wp-json\/wp\/v2\/media?parent=8016"}],"wp:term":[{"taxonomy":"category","embeddable":true,"href":"https:\/\/revistaciudad.com.ar\/web\/wp-json\/wp\/v2\/categories?post=8016"},{"taxonomy":"post_tag","embeddable":true,"href":"https:\/\/revistaciudad.com.ar\/web\/wp-json\/wp\/v2\/tags?post=8016"}],"curies":[{"name":"wp","href":"https:\/\/api.w.org\/{rel}","templated":true}]}}