{"id":6280,"date":"2021-01-05T20:53:44","date_gmt":"2021-01-05T20:53:44","guid":{"rendered":"https:\/\/revistaciudad.com.ar\/web\/?p=6280"},"modified":"2021-01-05T20:53:47","modified_gmt":"2021-01-05T20:53:47","slug":"la-bodega-arizu-abre-sus-puertas-para-una-noche-de-teatro","status":"publish","type":"post","link":"https:\/\/revistaciudad.com.ar\/web\/blog\/2021\/01\/05\/la-bodega-arizu-abre-sus-puertas-para-una-noche-de-teatro\/","title":{"rendered":"La Bodega Arizu abre sus puertas para una noche de teatro"},"content":{"rendered":"\n<p> <strong>El viernes 18 de diciembre se conmemora el D\u00eda Internacional del Migrante. En el marco de esta celebraci\u00f3n, la Municipalidad de Godoy Cruz pondr\u00e1 en escena la obra\u00a0\u201cMemoria del Agua\u201d, de Sergio Mart\u00ednez, con la participaci\u00f3n especial del Ballet Municipal. El evento tendr\u00e1 lugar a las 21:00, en la Hist\u00f3rica Ex Bodega Arizu, con una entrada solidaria.<\/strong> <\/p>\n\n\n\n<p>El imponente edificio de uno de los establecimientos bodegueros m\u00e1s importantes para la comuna, hoy considerado una joya arquitect\u00f3nica, hist\u00f3rica y patrimonial&nbsp;<em><\/em>encender\u00e1 sus luminarias, con una propuesta art\u00edstica de primer nivel, destinada a vecinos, colectividades de inmigrantes que residen en nuestra provincia y p\u00fablico en general.<\/p>\n\n\n\n<p>\u201cMemoria del Agua\u201d es una puesta esc\u00e9nica que se desarrolla&nbsp;como un homenaje a la inmigraci\u00f3n en la ciudad de Godoy Cruz. Tendr\u00e1 lugar en el emblem\u00e1tico establecimiento ubicado en Av. San Mart\u00edn 1515 y, para ingresar, se solicita un alimento no perecedero (por persona), que se podr\u00e1 canjear la misma noche de la funci\u00f3n. Lo recaudado ser\u00e1 destinado a colaborar con la Casa del Migrante.<\/p>\n\n\n\n<p>Los cupos se ver\u00e1n reducidos y limitados, respecto a la capacidad total del recinto, para poder respetar las disposiciones de distanciamiento vigentes. Una vez adentro, el p\u00fablico deber\u00e1 adecuarse a las medidas sanitarias dispuestas, como el uso del tapabocas en el acceso, durante la funci\u00f3n y a la salida de la misma, mantener las distancias a la hora de entrar y permanecer en la sala, toser o estornudar en el pliegue del codo, no tocarse la cara y utilizar alcohol en gel.<\/p>\n\n\n\n<figure class=\"wp-block-image\"><img decoding=\"async\" src=\"https:\/\/www.godoycruz.gob.ar\/wp-content\/uploads\/2020\/12\/MG_7184-web.jpg\" alt=\"\" \/><\/figure>\n\n\n\n<p><strong>Los recuerdos, en primer plano<\/strong><\/p>\n\n\n\n<p>Realizada \u00edntegramente por hacedores mendocinos, &nbsp;el montaje de \u201cMemorias del Agua\u201d cuenta con un elenco compuesto por Melisa Anconetani, Nicol\u00e1s Nime, Mariela Svachca y Sergio Mart\u00ednez quien, adem\u00e1s de actuar, fue el encargado de escribir y dirigir la puesta. La asistencia t\u00e9cnica y de direcci\u00f3n es de Lara Garro.<\/p>\n\n\n\n<p>Son historias que se van hilvanando en una propuesta que combina el teatro f\u00edsico y narrativo, donde la memoria activa se erige como motor expresivo. Deja plasmado un testimonio de la vocaci\u00f3n de un pueblo que recibi\u00f3 con los brazos abiertos, y lo sigue haciendo, a personas provenientes de los m\u00e1s distintos rincones del planeta<\/p>\n\n\n\n<figure class=\"wp-block-image\"><img decoding=\"async\" src=\"https:\/\/www.godoycruz.gob.ar\/wp-content\/uploads\/2020\/12\/MG_7194-web.jpg\" alt=\"\" \/><\/figure>\n\n\n\n<p>\u201cMemoria&nbsp;del&nbsp;Agua\u201d est\u00e1 compuesta por retazos narrativos sobre la inmigraci\u00f3n, que toma como puntos temporales desde fines del siglo XIX a las primeras d\u00e9cadas del siglo XX. Las historias y experiencias de un pu\u00f1ado de personajes, representan las de miles de inmigrantes que llegaron a nuestra comunidad buscando su anhelada felicidad y hablan de una historia a\u00fan vigente, que tiene una fuerte repercusi\u00f3n en nuestro desarrollo actual.<\/p>\n\n\n\n<p>Al equipo creativo antes mencionado se le sumar\u00e1 el Ballet Municipal del departamento, dirigido por Virginia Paes. \u201cEl Ballet de Godoy Cruz aporta el significado y la importancia de nuestra danzas, como producto de un sincretismo de culturas y su influencia en nuestro acervo. Nuestro pa\u00eds logro una cultura propia, a partir del hecho de dar la bienvenida a los inmigrantes; y estos son&nbsp; valores que est\u00e1n presentes en el desarrollo y en la expresi\u00f3n de nuestras danzas\u201d, se\u00f1al\u00f3 el director.<\/p>\n","protected":false},"excerpt":{"rendered":"<p>El viernes 18 de diciembre se conmemora el D\u00eda Internacional del Migrante. En el marco de esta celebraci\u00f3n, la Municipalidad de Godoy Cruz pondr\u00e1 en escena la obra\u00a0\u201cMemoria del Agua\u201d, de Sergio Mart\u00ednez, con la participaci\u00f3n especial del Ballet Municipal. El evento tendr\u00e1 lugar a las 21:00, en la Hist\u00f3rica Ex Bodega Arizu, con una &hellip;<\/p>\n<p class=\"read-more\"> <a class=\"\" href=\"https:\/\/revistaciudad.com.ar\/web\/blog\/2021\/01\/05\/la-bodega-arizu-abre-sus-puertas-para-una-noche-de-teatro\/\"> <span class=\"screen-reader-text\">La Bodega Arizu abre sus puertas para una noche de teatro<\/span> Leer m\u00e1s \u00bb<\/a><\/p>\n","protected":false},"author":3,"featured_media":6281,"comment_status":"open","ping_status":"open","sticky":false,"template":"","format":"standard","meta":{"_monsterinsights_skip_tracking":false,"_monsterinsights_sitenote_active":false,"_monsterinsights_sitenote_note":"","_monsterinsights_sitenote_category":0,"footnotes":""},"categories":[34],"tags":[],"class_list":["post-6280","post","type-post","status-publish","format-standard","has-post-thumbnail","hentry","category-municipio"],"_links":{"self":[{"href":"https:\/\/revistaciudad.com.ar\/web\/wp-json\/wp\/v2\/posts\/6280","targetHints":{"allow":["GET"]}}],"collection":[{"href":"https:\/\/revistaciudad.com.ar\/web\/wp-json\/wp\/v2\/posts"}],"about":[{"href":"https:\/\/revistaciudad.com.ar\/web\/wp-json\/wp\/v2\/types\/post"}],"author":[{"embeddable":true,"href":"https:\/\/revistaciudad.com.ar\/web\/wp-json\/wp\/v2\/users\/3"}],"replies":[{"embeddable":true,"href":"https:\/\/revistaciudad.com.ar\/web\/wp-json\/wp\/v2\/comments?post=6280"}],"version-history":[{"count":0,"href":"https:\/\/revistaciudad.com.ar\/web\/wp-json\/wp\/v2\/posts\/6280\/revisions"}],"wp:featuredmedia":[{"embeddable":true,"href":"https:\/\/revistaciudad.com.ar\/web\/wp-json\/wp\/v2\/media\/6281"}],"wp:attachment":[{"href":"https:\/\/revistaciudad.com.ar\/web\/wp-json\/wp\/v2\/media?parent=6280"}],"wp:term":[{"taxonomy":"category","embeddable":true,"href":"https:\/\/revistaciudad.com.ar\/web\/wp-json\/wp\/v2\/categories?post=6280"},{"taxonomy":"post_tag","embeddable":true,"href":"https:\/\/revistaciudad.com.ar\/web\/wp-json\/wp\/v2\/tags?post=6280"}],"curies":[{"name":"wp","href":"https:\/\/api.w.org\/{rel}","templated":true}]}}